{"id":304,"date":"2026-06-19T14:05:37","date_gmt":"2026-06-19T17:05:37","guid":{"rendered":"https:\/\/sindguardasbh.org.br\/?p=304"},"modified":"2026-06-19T14:15:38","modified_gmt":"2026-06-19T17:15:38","slug":"assembleia-geral-reafirma-a-forca-da-categoria-e-rejeita-proposta-da-pbh","status":"publish","type":"post","link":"https:\/\/sindguardasbh.org.br\/index.php\/2026\/06\/19\/assembleia-geral-reafirma-a-forca-da-categoria-e-rejeita-proposta-da-pbh\/","title":{"rendered":"ASSEMBLEIA GERAL REAFIRMA A FOR\u00c7A DA CATEGORIA E REJEITA PROPOSTA DA PBH"},"content":{"rendered":"\n<p class=\"wp-block-paragraph\">Mais de 200 Guardas Civis participaram da Assembleia Online e definiram os rumos da Campanha Salarial 2026.<\/p>\n\n\n\n<figure class=\"wp-block-gallery has-nested-images columns-default is-cropped wp-block-gallery-1 is-layout-flex wp-block-gallery-is-layout-flex\">\n<figure class=\"wp-block-image size-large\"><img loading=\"lazy\" decoding=\"async\" width=\"756\" height=\"426\" data-id=\"299\" src=\"https:\/\/sindguardasbh.org.br\/wp-content\/uploads\/2026\/06\/WhatsApp-Image-2026-06-18-at-20.59.06.jpeg\" alt=\"\" class=\"wp-image-299\" srcset=\"https:\/\/sindguardasbh.org.br\/wp-content\/uploads\/2026\/06\/WhatsApp-Image-2026-06-18-at-20.59.06.jpeg 756w, https:\/\/sindguardasbh.org.br\/wp-content\/uploads\/2026\/06\/WhatsApp-Image-2026-06-18-at-20.59.06-300x169.jpeg 300w\" sizes=\"auto, (max-width: 756px) 100vw, 756px\" \/><\/figure>\n\n\n\n<figure class=\"wp-block-image size-large\"><img loading=\"lazy\" decoding=\"async\" width=\"756\" height=\"426\" data-id=\"298\" src=\"https:\/\/sindguardasbh.org.br\/wp-content\/uploads\/2026\/06\/WhatsApp-Image-2026-06-18-at-20.13.33.jpeg\" alt=\"\" class=\"wp-image-298\" srcset=\"https:\/\/sindguardasbh.org.br\/wp-content\/uploads\/2026\/06\/WhatsApp-Image-2026-06-18-at-20.13.33.jpeg 756w, https:\/\/sindguardasbh.org.br\/wp-content\/uploads\/2026\/06\/WhatsApp-Image-2026-06-18-at-20.13.33-300x169.jpeg 300w\" sizes=\"auto, (max-width: 756px) 100vw, 756px\" \/><\/figure>\n\n\n\n<figure class=\"wp-block-image size-large\"><img loading=\"lazy\" decoding=\"async\" width=\"756\" height=\"426\" data-id=\"297\" src=\"https:\/\/sindguardasbh.org.br\/wp-content\/uploads\/2026\/06\/WhatsApp-Image-2026-06-18-at-21.00.24.jpeg\" alt=\"\" class=\"wp-image-297\" srcset=\"https:\/\/sindguardasbh.org.br\/wp-content\/uploads\/2026\/06\/WhatsApp-Image-2026-06-18-at-21.00.24.jpeg 756w, https:\/\/sindguardasbh.org.br\/wp-content\/uploads\/2026\/06\/WhatsApp-Image-2026-06-18-at-21.00.24-300x169.jpeg 300w\" sizes=\"auto, (max-width: 756px) 100vw, 756px\" \/><\/figure>\n<\/figure>\n\n\n\n<p class=\"wp-block-paragraph\">Na noite da \u00faltima <strong>quinta-feira (18\/06)<\/strong>, o <strong>Sindguardas-BH<\/strong> realizou a Assembleia Geral Online da Campanha Salarial 2026.<\/p>\n\n\n\n<p class=\"wp-block-paragraph\">A assembleia teve <strong>primeira chamada \u00e0s 19h00<\/strong> e foi iniciada na <strong>segunda chamada \u00e0s 19h30<\/strong>, reunindo <strong>mais de 200 Guardas Civis Municipais de Belo Horizonte<\/strong>, demonstrando o compromisso da categoria com a defesa de seus direitos e o fortalecimento da representa\u00e7\u00e3o sindical.<\/p>\n\n\n\n<p class=\"wp-block-paragraph\">Ap\u00f3s ampla apresenta\u00e7\u00e3o da proposta encaminhada pela Prefeitura de Belo Horizonte, esclarecimentos da diretoria e espa\u00e7o para debate, <strong>a maioria dos Guardas Civis presentes deliberou pela rejei\u00e7\u00e3o da proposta apresentada pela Administra\u00e7\u00e3o Municipal<\/strong>, reafirmando a continuidade das reivindica\u00e7\u00f5es aprovadas pela categoria para a Campanha Salarial 2026.<\/p>\n\n\n\n<h3 class=\"wp-block-heading\">A categoria deliberou pela manuten\u00e7\u00e3o das seguintes pautas:<\/h3>\n\n\n\n<p class=\"wp-block-paragraph\">\u2714 Concess\u00e3o do percentual adicional de <strong>3%<\/strong>, garantindo isonomia com outras categorias do funcionalismo municipal;<\/p>\n\n\n\n<p class=\"wp-block-paragraph\">\u2714 <strong>Progress\u00e3o por Escolaridade \u2013 6\u00ba N\u00edvel;<\/strong><\/p>\n\n\n\n<p class=\"wp-block-paragraph\">\u2714 <strong>Convers\u00e3o das F\u00e9rias-Pr\u00eamio em esp\u00e9cie;<\/strong><\/p>\n\n\n\n<p class=\"wp-block-paragraph\">\u2714 <strong>Reajuste da Indeniza\u00e7\u00e3o\/Aux\u00edlio Fardamento;<\/strong><\/p>\n\n\n\n<p class=\"wp-block-paragraph\">\u2714 Continuidade das discuss\u00f5es sobre o <strong>Plano de Carreira;<\/strong><\/p>\n\n\n\n<p class=\"wp-block-paragraph\">\u2714 <strong>Destravamento dos n\u00edveis de escolaridade<\/strong>, medida essencial para corrigir uma distor\u00e7\u00e3o hist\u00f3rica e garantir a valoriza\u00e7\u00e3o profissional dos Guardas Civis Municipais.<\/p>\n\n\n\n<p class=\"wp-block-paragraph\">Em cumprimento \u00e0 decis\u00e3o soberana da Assembleia, o <strong>Of\u00edcio n\u00ba 13\/2026<\/strong> foi encaminhado ao Prefeito de Belo Horizonte e \u00e0s autoridades respons\u00e1veis pela negocia\u00e7\u00e3o, formalizando o posicionamento da categoria e reafirmando a disposi\u00e7\u00e3o do Sindguardas-BH para a continuidade do di\u00e1logo institucional.<\/p>\n\n\n\n<p class=\"wp-block-paragraph\">O Sindguardas-BH seguir\u00e1 atuando com responsabilidade, firmeza e transpar\u00eancia na defesa dos direitos da categoria, sempre respeitando a vontade soberana dos Guardas Civis Municipais.<\/p>\n\n\n\n<hr class=\"wp-block-separator has-alpha-channel-opacity\"\/>\n\n\n\n<figure class=\"wp-block-gallery has-nested-images columns-default is-cropped wp-block-gallery-2 is-layout-flex wp-block-gallery-is-layout-flex\">\n<figure class=\"wp-block-image size-large\"><img loading=\"lazy\" decoding=\"async\" width=\"725\" height=\"1024\" data-id=\"300\" src=\"https:\/\/sindguardasbh.org.br\/wp-content\/uploads\/2026\/06\/WhatsApp-Image-2026-06-19-at-11.31.52-725x1024.jpeg\" alt=\"Of\u00edcio do Sindguardas-BH encaminhado \u00e0 Prefeitura de Belo Horizonte sobre delibera\u00e7\u00e3o da Assembleia da GCMBH na Campanha Salarial 2026.\" class=\"wp-image-300\" srcset=\"https:\/\/sindguardasbh.org.br\/wp-content\/uploads\/2026\/06\/WhatsApp-Image-2026-06-19-at-11.31.52-725x1024.jpeg 725w, https:\/\/sindguardasbh.org.br\/wp-content\/uploads\/2026\/06\/WhatsApp-Image-2026-06-19-at-11.31.52-212x300.jpeg 212w, https:\/\/sindguardasbh.org.br\/wp-content\/uploads\/2026\/06\/WhatsApp-Image-2026-06-19-at-11.31.52-768x1085.jpeg 768w, https:\/\/sindguardasbh.org.br\/wp-content\/uploads\/2026\/06\/WhatsApp-Image-2026-06-19-at-11.31.52.jpeg 906w\" sizes=\"auto, (max-width: 725px) 100vw, 725px\" \/><\/figure>\n\n\n\n<figure class=\"wp-block-image size-large\"><img loading=\"lazy\" decoding=\"async\" width=\"725\" height=\"1024\" data-id=\"301\" src=\"https:\/\/sindguardasbh.org.br\/wp-content\/uploads\/2026\/06\/WhatsApp-Image-2026-06-19-at-11.31.52-1-725x1024.jpeg\" alt=\"\" class=\"wp-image-301\" srcset=\"https:\/\/sindguardasbh.org.br\/wp-content\/uploads\/2026\/06\/WhatsApp-Image-2026-06-19-at-11.31.52-1-725x1024.jpeg 725w, https:\/\/sindguardasbh.org.br\/wp-content\/uploads\/2026\/06\/WhatsApp-Image-2026-06-19-at-11.31.52-1-212x300.jpeg 212w, https:\/\/sindguardasbh.org.br\/wp-content\/uploads\/2026\/06\/WhatsApp-Image-2026-06-19-at-11.31.52-1-768x1085.jpeg 768w, https:\/\/sindguardasbh.org.br\/wp-content\/uploads\/2026\/06\/WhatsApp-Image-2026-06-19-at-11.31.52-1.jpeg 906w\" sizes=\"auto, (max-width: 725px) 100vw, 725px\" \/><\/figure>\n<\/figure>\n\n\n\n<h2 class=\"wp-block-heading\">\ud83d\udea8 AGORA \u00c9 HORA DE FORTALECER A MOBILIZA\u00c7\u00c3O!<\/h2>\n\n\n\n<p class=\"wp-block-paragraph\">A negocia\u00e7\u00e3o continua e a participa\u00e7\u00e3o de cada Guarda Civil Municipal ser\u00e1 fundamental para os pr\u00f3ximos encaminhamentos.<\/p>\n\n\n\n<h2 class=\"wp-block-heading\">\ud83d\udce2 CONVOCA\u00c7\u00c3O GERAL<\/h2>\n\n\n\n<h3 class=\"wp-block-heading\">ASSEMBLEIA PRESENCIAL DA CATEGORIA<\/h3>\n\n\n\n<p class=\"wp-block-paragraph\">\ud83d\udcc5 <strong>25 de junho de 2026 (quinta-feira)<\/strong><\/p>\n\n\n\n<p class=\"wp-block-paragraph\">\ud83d\udd58 <strong>\u00c0s 9h<\/strong><\/p>\n\n\n\n<p class=\"wp-block-paragraph\">\ud83d\udccd <strong>Pra\u00e7a Afonso Arinos \u2013 Belo Horizonte<\/strong><\/p>\n\n\n\n<p class=\"wp-block-paragraph\">\ud83d\udce2 <strong>Sua presen\u00e7a \u00e9 fundamental.<\/strong><\/p>\n\n\n\n<p class=\"wp-block-paragraph\">\u00c9 neste momento que demonstramos nossa uni\u00e3o, fortalecemos a negocia\u00e7\u00e3o e mostramos \u00e0 Administra\u00e7\u00e3o Municipal que a Guarda Civil Municipal permanece mobilizada em defesa da valoriza\u00e7\u00e3o da carreira.<\/p>\n\n\n\n<p class=\"wp-block-paragraph\"><strong>Nenhuma conquista acontece sem participa\u00e7\u00e3o.<\/strong><\/p>\n\n\n\n<p class=\"wp-block-paragraph\"><strong>Sua presen\u00e7a fortalece nossa representatividade.<\/strong><\/p>\n\n\n\n<p class=\"wp-block-paragraph\"><strong>Categoria unida. Categoria respeitada.<\/strong><\/p>\n\n\n\n<p class=\"wp-block-paragraph\">\u270a <strong>Sindguardas-BH<\/strong><br><strong>For\u00e7a \u2022 Foco \u2022 Uni\u00e3o<\/strong><\/p>\n","protected":false},"excerpt":{"rendered":"<p>Mais de 200 Guardas Civis participaram da Assembleia Online e definiram os rumos da Campanha Salarial 2026. Na noite da [&hellip;]<\/p>\n","protected":false},"author":1,"featured_media":299,"comment_status":"open","ping_status":"open","sticky":false,"template":"","format":"standard","meta":{"site-sidebar-layout":"default","site-content-layout":"","ast-site-content-layout":"default","site-content-style":"default","site-sidebar-style":"default","ast-global-header-display":"","ast-banner-title-visibility":"","ast-main-header-display":"","ast-hfb-above-header-display":"","ast-hfb-below-header-display":"","ast-hfb-mobile-header-display":"","site-post-title":"","ast-breadcrumbs-content":"","ast-featured-img":"disabled","footer-sml-layout":"","ast-disable-related-posts":"","theme-transparent-header-meta":"","adv-header-id-meta":"","stick-header-meta":"","header-above-stick-meta":"","header-main-stick-meta":"","header-below-stick-meta":"","astra-migrate-meta-layouts":"default","ast-page-background-enabled":"default","ast-page-background-meta":{"desktop":{"background-color":"var(--ast-global-color-5)","background-image":"","background-repeat":"repeat","background-position":"center center","background-size":"auto","background-attachment":"scroll","background-type":"","background-media":"","overlay-type":"","overlay-color":"","overlay-opacity":"","overlay-gradient":""},"tablet":{"background-color":"","background-image":"","background-repeat":"repeat","background-position":"center center","background-size":"auto","background-attachment":"scroll","background-type":"","background-media":"","overlay-type":"","overlay-color":"","overlay-opacity":"","overlay-gradient":""},"mobile":{"background-color":"","background-image":"","background-repeat":"repeat","background-position":"center center","background-size":"auto","background-attachment":"scroll","background-type":"","background-media":"","overlay-type":"","overlay-color":"","overlay-opacity":"","overlay-gradient":""}},"ast-content-background-meta":{"desktop":{"background-color":"var(--ast-global-color-4)","background-image":"","background-repeat":"repeat","background-position":"center center","background-size":"auto","background-attachment":"scroll","background-type":"","background-media":"","overlay-type":"","overlay-color":"","overlay-opacity":"","overlay-gradient":""},"tablet":{"background-color":"var(--ast-global-color-4)","background-image":"","background-repeat":"repeat","background-position":"center center","background-size":"auto","background-attachment":"scroll","background-type":"","background-media":"","overlay-type":"","overlay-color":"","overlay-opacity":"","overlay-gradient":""},"mobile":{"background-color":"var(--ast-global-color-4)","background-image":"","background-repeat":"repeat","background-position":"center center","background-size":"auto","background-attachment":"scroll","background-type":"","background-media":"","overlay-type":"","overlay-color":"","overlay-opacity":"","overlay-gradient":""}},"footnotes":""},"categories":[42],"tags":[97,102,48,105,103,6,7,106,45,98,100,57,101,104,43],"class_list":["post-304","post","type-post","status-publish","format-standard","has-post-thumbnail","hentry","category-campanha-salaria-2026","tag-assembleia-geral","tag-auxilio-fardamento","tag-campanha-salarial-2026","tag-destravamento-dos-niveis","tag-ferias-premio","tag-gcmbh","tag-guarda-civil-municipal-de-belo-horizonte","tag-mobilizacao-sindical","tag-negociacao-salarial","tag-pbh","tag-plano-de-carreira","tag-prefeitura-de-belo-horizonte","tag-progressao-por-escolaridade","tag-servidores-municipais","tag-sindguardas-bh-2"],"yoast_head":"<!-- This site is optimized with the Yoast SEO plugin v26.7 - https:\/\/yoast.com\/wordpress\/plugins\/seo\/ -->\n<title>ASSEMBLEIA GERAL REAFIRMA A FOR\u00c7A DA CATEGORIA E REJEITA PROPOSTA DA PBH - Sindguardas BH<\/title>\n<meta name=\"robots\" content=\"index, follow, max-snippet:-1, max-image-preview:large, max-video-preview:-1\" \/>\n<link rel=\"canonical\" href=\"https:\/\/sindguardasbh.org.br\/index.php\/2026\/06\/19\/assembleia-geral-reafirma-a-forca-da-categoria-e-rejeita-proposta-da-pbh\/\" \/>\n<meta property=\"og:locale\" content=\"en_US\" \/>\n<meta property=\"og:type\" content=\"article\" \/>\n<meta property=\"og:title\" content=\"ASSEMBLEIA GERAL REAFIRMA A FOR\u00c7A DA CATEGORIA E REJEITA PROPOSTA DA PBH - Sindguardas BH\" \/>\n<meta property=\"og:description\" content=\"Mais de 200 Guardas Civis participaram da Assembleia Online e definiram os rumos da Campanha Salarial 2026. Na noite da [&hellip;]\" \/>\n<meta property=\"og:url\" content=\"https:\/\/sindguardasbh.org.br\/index.php\/2026\/06\/19\/assembleia-geral-reafirma-a-forca-da-categoria-e-rejeita-proposta-da-pbh\/\" \/>\n<meta property=\"og:site_name\" content=\"Sindguardas BH\" \/>\n<meta property=\"article:publisher\" content=\"https:\/\/www.instagram.com\/sindguardasbh\" \/>\n<meta property=\"article:published_time\" content=\"2026-06-19T17:05:37+00:00\" \/>\n<meta property=\"article:modified_time\" content=\"2026-06-19T17:15:38+00:00\" \/>\n<meta property=\"og:image\" content=\"https:\/\/sindguardasbh.org.br\/wp-content\/uploads\/2026\/06\/WhatsApp-Image-2026-06-18-at-20.59.06.jpeg\" \/>\n\t<meta property=\"og:image:width\" content=\"756\" \/>\n\t<meta property=\"og:image:height\" content=\"426\" \/>\n\t<meta property=\"og:image:type\" content=\"image\/jpeg\" \/>\n<meta name=\"author\" content=\"Comunica\u00e7\u00e3o Sindguardas BH\" \/>\n<meta name=\"twitter:card\" content=\"summary_large_image\" \/>\n<meta name=\"twitter:label1\" content=\"Written by\" \/>\n\t<meta name=\"twitter:data1\" content=\"Comunica\u00e7\u00e3o Sindguardas BH\" \/>\n\t<meta name=\"twitter:label2\" content=\"Est. reading time\" \/>\n\t<meta name=\"twitter:data2\" content=\"3 minutes\" \/>\n<script type=\"application\/ld+json\" class=\"yoast-schema-graph\">{\"@context\":\"https:\/\/schema.org\",\"@graph\":[{\"@type\":\"Article\",\"@id\":\"https:\/\/sindguardasbh.org.br\/index.php\/2026\/06\/19\/assembleia-geral-reafirma-a-forca-da-categoria-e-rejeita-proposta-da-pbh\/#article\",\"isPartOf\":{\"@id\":\"https:\/\/sindguardasbh.org.br\/index.php\/2026\/06\/19\/assembleia-geral-reafirma-a-forca-da-categoria-e-rejeita-proposta-da-pbh\/\"},\"author\":{\"name\":\"Comunica\u00e7\u00e3o Sindguardas BH\",\"@id\":\"https:\/\/sindguardasbh.org.br\/#\/schema\/person\/ec419c011d34ad67053c327faf731226\"},\"headline\":\"ASSEMBLEIA GERAL REAFIRMA A FOR\u00c7A DA CATEGORIA E REJEITA PROPOSTA DA PBH\",\"datePublished\":\"2026-06-19T17:05:37+00:00\",\"dateModified\":\"2026-06-19T17:15:38+00:00\",\"mainEntityOfPage\":{\"@id\":\"https:\/\/sindguardasbh.org.br\/index.php\/2026\/06\/19\/assembleia-geral-reafirma-a-forca-da-categoria-e-rejeita-proposta-da-pbh\/\"},\"wordCount\":387,\"commentCount\":0,\"publisher\":{\"@id\":\"https:\/\/sindguardasbh.org.br\/#organization\"},\"image\":{\"@id\":\"https:\/\/sindguardasbh.org.br\/index.php\/2026\/06\/19\/assembleia-geral-reafirma-a-forca-da-categoria-e-rejeita-proposta-da-pbh\/#primaryimage\"},\"thumbnailUrl\":\"https:\/\/sindguardasbh.org.br\/wp-content\/uploads\/2026\/06\/WhatsApp-Image-2026-06-18-at-20.59.06.jpeg\",\"keywords\":[\"Assembleia Geral\",\"Aux\u00edlio Fardamento\",\"Campanha Salarial 2026\",\"Destravamento dos N\u00edveis\",\"F\u00e9rias-Pr\u00eamio\",\"GCMBH\",\"Guarda Civil Municipal de Belo Horizonte\",\"Mobiliza\u00e7\u00e3o Sindical\",\"Negocia\u00e7\u00e3o Salarial\",\"PBH\",\"Plano de Carreira\",\"Prefeitura de Belo Horizonte\",\"Progress\u00e3o por Escolaridade\",\"Servidores Municipais\",\"Sindguardas-BH\"],\"articleSection\":[\"Campanha Sal\u00e1ria 2026\"],\"inLanguage\":\"en-US\",\"potentialAction\":[{\"@type\":\"CommentAction\",\"name\":\"Comment\",\"target\":[\"https:\/\/sindguardasbh.org.br\/index.php\/2026\/06\/19\/assembleia-geral-reafirma-a-forca-da-categoria-e-rejeita-proposta-da-pbh\/#respond\"]}]},{\"@type\":\"WebPage\",\"@id\":\"https:\/\/sindguardasbh.org.br\/index.php\/2026\/06\/19\/assembleia-geral-reafirma-a-forca-da-categoria-e-rejeita-proposta-da-pbh\/\",\"url\":\"https:\/\/sindguardasbh.org.br\/index.php\/2026\/06\/19\/assembleia-geral-reafirma-a-forca-da-categoria-e-rejeita-proposta-da-pbh\/\",\"name\":\"ASSEMBLEIA GERAL REAFIRMA A FOR\u00c7A DA CATEGORIA E REJEITA PROPOSTA DA PBH - Sindguardas BH\",\"isPartOf\":{\"@id\":\"https:\/\/sindguardasbh.org.br\/#website\"},\"primaryImageOfPage\":{\"@id\":\"https:\/\/sindguardasbh.org.br\/index.php\/2026\/06\/19\/assembleia-geral-reafirma-a-forca-da-categoria-e-rejeita-proposta-da-pbh\/#primaryimage\"},\"image\":{\"@id\":\"https:\/\/sindguardasbh.org.br\/index.php\/2026\/06\/19\/assembleia-geral-reafirma-a-forca-da-categoria-e-rejeita-proposta-da-pbh\/#primaryimage\"},\"thumbnailUrl\":\"https:\/\/sindguardasbh.org.br\/wp-content\/uploads\/2026\/06\/WhatsApp-Image-2026-06-18-at-20.59.06.jpeg\",\"datePublished\":\"2026-06-19T17:05:37+00:00\",\"dateModified\":\"2026-06-19T17:15:38+00:00\",\"breadcrumb\":{\"@id\":\"https:\/\/sindguardasbh.org.br\/index.php\/2026\/06\/19\/assembleia-geral-reafirma-a-forca-da-categoria-e-rejeita-proposta-da-pbh\/#breadcrumb\"},\"inLanguage\":\"en-US\",\"potentialAction\":[{\"@type\":\"ReadAction\",\"target\":[\"https:\/\/sindguardasbh.org.br\/index.php\/2026\/06\/19\/assembleia-geral-reafirma-a-forca-da-categoria-e-rejeita-proposta-da-pbh\/\"]}]},{\"@type\":\"ImageObject\",\"inLanguage\":\"en-US\",\"@id\":\"https:\/\/sindguardasbh.org.br\/index.php\/2026\/06\/19\/assembleia-geral-reafirma-a-forca-da-categoria-e-rejeita-proposta-da-pbh\/#primaryimage\",\"url\":\"https:\/\/sindguardasbh.org.br\/wp-content\/uploads\/2026\/06\/WhatsApp-Image-2026-06-18-at-20.59.06.jpeg\",\"contentUrl\":\"https:\/\/sindguardasbh.org.br\/wp-content\/uploads\/2026\/06\/WhatsApp-Image-2026-06-18-at-20.59.06.jpeg\",\"width\":756,\"height\":426},{\"@type\":\"BreadcrumbList\",\"@id\":\"https:\/\/sindguardasbh.org.br\/index.php\/2026\/06\/19\/assembleia-geral-reafirma-a-forca-da-categoria-e-rejeita-proposta-da-pbh\/#breadcrumb\",\"itemListElement\":[{\"@type\":\"ListItem\",\"position\":1,\"name\":\"Home\",\"item\":\"http:\/\/sindguardasbh.org.br\/\"},{\"@type\":\"ListItem\",\"position\":2,\"name\":\"ASSEMBLEIA GERAL REAFIRMA A FOR\u00c7A DA CATEGORIA E REJEITA PROPOSTA DA PBH\"}]},{\"@type\":\"WebSite\",\"@id\":\"https:\/\/sindguardasbh.org.br\/#website\",\"url\":\"https:\/\/sindguardasbh.org.br\/\",\"name\":\"Sindguardas BH\",\"description\":\"\",\"publisher\":{\"@id\":\"https:\/\/sindguardasbh.org.br\/#organization\"},\"potentialAction\":[{\"@type\":\"SearchAction\",\"target\":{\"@type\":\"EntryPoint\",\"urlTemplate\":\"https:\/\/sindguardasbh.org.br\/?s={search_term_string}\"},\"query-input\":{\"@type\":\"PropertyValueSpecification\",\"valueRequired\":true,\"valueName\":\"search_term_string\"}}],\"inLanguage\":\"en-US\"},{\"@type\":\"Organization\",\"@id\":\"https:\/\/sindguardasbh.org.br\/#organization\",\"name\":\"Sindguardas BH\",\"url\":\"https:\/\/sindguardasbh.org.br\/\",\"logo\":{\"@type\":\"ImageObject\",\"inLanguage\":\"en-US\",\"@id\":\"https:\/\/sindguardasbh.org.br\/#\/schema\/logo\/image\/\",\"url\":\"https:\/\/sindguardasbh.org.br\/wp-content\/uploads\/2026\/01\/cropped-SINDGUARDAS-BH-1.png\",\"contentUrl\":\"https:\/\/sindguardasbh.org.br\/wp-content\/uploads\/2026\/01\/cropped-SINDGUARDAS-BH-1.png\",\"width\":150,\"height\":50,\"caption\":\"Sindguardas BH\"},\"image\":{\"@id\":\"https:\/\/sindguardasbh.org.br\/#\/schema\/logo\/image\/\"},\"sameAs\":[\"https:\/\/www.instagram.com\/sindguardasbh\"]},{\"@type\":\"Person\",\"@id\":\"https:\/\/sindguardasbh.org.br\/#\/schema\/person\/ec419c011d34ad67053c327faf731226\",\"name\":\"Comunica\u00e7\u00e3o Sindguardas BH\",\"image\":{\"@type\":\"ImageObject\",\"inLanguage\":\"en-US\",\"@id\":\"https:\/\/sindguardasbh.org.br\/#\/schema\/person\/image\/\",\"url\":\"https:\/\/secure.gravatar.com\/avatar\/50cfe4c9d5670a4ef8e4a8f0aa2ce175e9018c618ce4117369618c9742e08609?s=96&d=mm&r=g\",\"contentUrl\":\"https:\/\/secure.gravatar.com\/avatar\/50cfe4c9d5670a4ef8e4a8f0aa2ce175e9018c618ce4117369618c9742e08609?s=96&d=mm&r=g\",\"caption\":\"Comunica\u00e7\u00e3o Sindguardas BH\"},\"sameAs\":[\"http:\/\/sindguardasbh.org.br\",\"https:\/\/www.instagram.com\/sindguardasbh\/\",\"https:\/\/www.youtube.com\/@sindguardasBH\"],\"url\":\"https:\/\/sindguardasbh.org.br\/index.php\/author\/filiar-sindguardasbhgmail-com\/\"}]}<\/script>\n<!-- \/ Yoast SEO plugin. -->","yoast_head_json":{"title":"ASSEMBLEIA GERAL REAFIRMA A FOR\u00c7A DA CATEGORIA E REJEITA PROPOSTA DA PBH - Sindguardas BH","robots":{"index":"index","follow":"follow","max-snippet":"max-snippet:-1","max-image-preview":"max-image-preview:large","max-video-preview":"max-video-preview:-1"},"canonical":"https:\/\/sindguardasbh.org.br\/index.php\/2026\/06\/19\/assembleia-geral-reafirma-a-forca-da-categoria-e-rejeita-proposta-da-pbh\/","og_locale":"en_US","og_type":"article","og_title":"ASSEMBLEIA GERAL REAFIRMA A FOR\u00c7A DA CATEGORIA E REJEITA PROPOSTA DA PBH - Sindguardas BH","og_description":"Mais de 200 Guardas Civis participaram da Assembleia Online e definiram os rumos da Campanha Salarial 2026. Na noite da [&hellip;]","og_url":"https:\/\/sindguardasbh.org.br\/index.php\/2026\/06\/19\/assembleia-geral-reafirma-a-forca-da-categoria-e-rejeita-proposta-da-pbh\/","og_site_name":"Sindguardas BH","article_publisher":"https:\/\/www.instagram.com\/sindguardasbh","article_published_time":"2026-06-19T17:05:37+00:00","article_modified_time":"2026-06-19T17:15:38+00:00","og_image":[{"width":756,"height":426,"url":"https:\/\/sindguardasbh.org.br\/wp-content\/uploads\/2026\/06\/WhatsApp-Image-2026-06-18-at-20.59.06.jpeg","type":"image\/jpeg"}],"author":"Comunica\u00e7\u00e3o Sindguardas BH","twitter_card":"summary_large_image","twitter_misc":{"Written by":"Comunica\u00e7\u00e3o Sindguardas BH","Est. reading time":"3 minutes"},"schema":{"@context":"https:\/\/schema.org","@graph":[{"@type":"Article","@id":"https:\/\/sindguardasbh.org.br\/index.php\/2026\/06\/19\/assembleia-geral-reafirma-a-forca-da-categoria-e-rejeita-proposta-da-pbh\/#article","isPartOf":{"@id":"https:\/\/sindguardasbh.org.br\/index.php\/2026\/06\/19\/assembleia-geral-reafirma-a-forca-da-categoria-e-rejeita-proposta-da-pbh\/"},"author":{"name":"Comunica\u00e7\u00e3o Sindguardas BH","@id":"https:\/\/sindguardasbh.org.br\/#\/schema\/person\/ec419c011d34ad67053c327faf731226"},"headline":"ASSEMBLEIA GERAL REAFIRMA A FOR\u00c7A DA CATEGORIA E REJEITA PROPOSTA DA PBH","datePublished":"2026-06-19T17:05:37+00:00","dateModified":"2026-06-19T17:15:38+00:00","mainEntityOfPage":{"@id":"https:\/\/sindguardasbh.org.br\/index.php\/2026\/06\/19\/assembleia-geral-reafirma-a-forca-da-categoria-e-rejeita-proposta-da-pbh\/"},"wordCount":387,"commentCount":0,"publisher":{"@id":"https:\/\/sindguardasbh.org.br\/#organization"},"image":{"@id":"https:\/\/sindguardasbh.org.br\/index.php\/2026\/06\/19\/assembleia-geral-reafirma-a-forca-da-categoria-e-rejeita-proposta-da-pbh\/#primaryimage"},"thumbnailUrl":"https:\/\/sindguardasbh.org.br\/wp-content\/uploads\/2026\/06\/WhatsApp-Image-2026-06-18-at-20.59.06.jpeg","keywords":["Assembleia Geral","Aux\u00edlio Fardamento","Campanha Salarial 2026","Destravamento dos N\u00edveis","F\u00e9rias-Pr\u00eamio","GCMBH","Guarda Civil Municipal de Belo Horizonte","Mobiliza\u00e7\u00e3o Sindical","Negocia\u00e7\u00e3o Salarial","PBH","Plano de Carreira","Prefeitura de Belo Horizonte","Progress\u00e3o por Escolaridade","Servidores Municipais","Sindguardas-BH"],"articleSection":["Campanha Sal\u00e1ria 2026"],"inLanguage":"en-US","potentialAction":[{"@type":"CommentAction","name":"Comment","target":["https:\/\/sindguardasbh.org.br\/index.php\/2026\/06\/19\/assembleia-geral-reafirma-a-forca-da-categoria-e-rejeita-proposta-da-pbh\/#respond"]}]},{"@type":"WebPage","@id":"https:\/\/sindguardasbh.org.br\/index.php\/2026\/06\/19\/assembleia-geral-reafirma-a-forca-da-categoria-e-rejeita-proposta-da-pbh\/","url":"https:\/\/sindguardasbh.org.br\/index.php\/2026\/06\/19\/assembleia-geral-reafirma-a-forca-da-categoria-e-rejeita-proposta-da-pbh\/","name":"ASSEMBLEIA GERAL REAFIRMA A FOR\u00c7A DA CATEGORIA E REJEITA PROPOSTA DA PBH - Sindguardas BH","isPartOf":{"@id":"https:\/\/sindguardasbh.org.br\/#website"},"primaryImageOfPage":{"@id":"https:\/\/sindguardasbh.org.br\/index.php\/2026\/06\/19\/assembleia-geral-reafirma-a-forca-da-categoria-e-rejeita-proposta-da-pbh\/#primaryimage"},"image":{"@id":"https:\/\/sindguardasbh.org.br\/index.php\/2026\/06\/19\/assembleia-geral-reafirma-a-forca-da-categoria-e-rejeita-proposta-da-pbh\/#primaryimage"},"thumbnailUrl":"https:\/\/sindguardasbh.org.br\/wp-content\/uploads\/2026\/06\/WhatsApp-Image-2026-06-18-at-20.59.06.jpeg","datePublished":"2026-06-19T17:05:37+00:00","dateModified":"2026-06-19T17:15:38+00:00","breadcrumb":{"@id":"https:\/\/sindguardasbh.org.br\/index.php\/2026\/06\/19\/assembleia-geral-reafirma-a-forca-da-categoria-e-rejeita-proposta-da-pbh\/#breadcrumb"},"inLanguage":"en-US","potentialAction":[{"@type":"ReadAction","target":["https:\/\/sindguardasbh.org.br\/index.php\/2026\/06\/19\/assembleia-geral-reafirma-a-forca-da-categoria-e-rejeita-proposta-da-pbh\/"]}]},{"@type":"ImageObject","inLanguage":"en-US","@id":"https:\/\/sindguardasbh.org.br\/index.php\/2026\/06\/19\/assembleia-geral-reafirma-a-forca-da-categoria-e-rejeita-proposta-da-pbh\/#primaryimage","url":"https:\/\/sindguardasbh.org.br\/wp-content\/uploads\/2026\/06\/WhatsApp-Image-2026-06-18-at-20.59.06.jpeg","contentUrl":"https:\/\/sindguardasbh.org.br\/wp-content\/uploads\/2026\/06\/WhatsApp-Image-2026-06-18-at-20.59.06.jpeg","width":756,"height":426},{"@type":"BreadcrumbList","@id":"https:\/\/sindguardasbh.org.br\/index.php\/2026\/06\/19\/assembleia-geral-reafirma-a-forca-da-categoria-e-rejeita-proposta-da-pbh\/#breadcrumb","itemListElement":[{"@type":"ListItem","position":1,"name":"Home","item":"http:\/\/sindguardasbh.org.br\/"},{"@type":"ListItem","position":2,"name":"ASSEMBLEIA GERAL REAFIRMA A FOR\u00c7A DA CATEGORIA E REJEITA PROPOSTA DA PBH"}]},{"@type":"WebSite","@id":"https:\/\/sindguardasbh.org.br\/#website","url":"https:\/\/sindguardasbh.org.br\/","name":"Sindguardas BH","description":"","publisher":{"@id":"https:\/\/sindguardasbh.org.br\/#organization"},"potentialAction":[{"@type":"SearchAction","target":{"@type":"EntryPoint","urlTemplate":"https:\/\/sindguardasbh.org.br\/?s={search_term_string}"},"query-input":{"@type":"PropertyValueSpecification","valueRequired":true,"valueName":"search_term_string"}}],"inLanguage":"en-US"},{"@type":"Organization","@id":"https:\/\/sindguardasbh.org.br\/#organization","name":"Sindguardas BH","url":"https:\/\/sindguardasbh.org.br\/","logo":{"@type":"ImageObject","inLanguage":"en-US","@id":"https:\/\/sindguardasbh.org.br\/#\/schema\/logo\/image\/","url":"https:\/\/sindguardasbh.org.br\/wp-content\/uploads\/2026\/01\/cropped-SINDGUARDAS-BH-1.png","contentUrl":"https:\/\/sindguardasbh.org.br\/wp-content\/uploads\/2026\/01\/cropped-SINDGUARDAS-BH-1.png","width":150,"height":50,"caption":"Sindguardas BH"},"image":{"@id":"https:\/\/sindguardasbh.org.br\/#\/schema\/logo\/image\/"},"sameAs":["https:\/\/www.instagram.com\/sindguardasbh"]},{"@type":"Person","@id":"https:\/\/sindguardasbh.org.br\/#\/schema\/person\/ec419c011d34ad67053c327faf731226","name":"Comunica\u00e7\u00e3o Sindguardas BH","image":{"@type":"ImageObject","inLanguage":"en-US","@id":"https:\/\/sindguardasbh.org.br\/#\/schema\/person\/image\/","url":"https:\/\/secure.gravatar.com\/avatar\/50cfe4c9d5670a4ef8e4a8f0aa2ce175e9018c618ce4117369618c9742e08609?s=96&d=mm&r=g","contentUrl":"https:\/\/secure.gravatar.com\/avatar\/50cfe4c9d5670a4ef8e4a8f0aa2ce175e9018c618ce4117369618c9742e08609?s=96&d=mm&r=g","caption":"Comunica\u00e7\u00e3o Sindguardas BH"},"sameAs":["http:\/\/sindguardasbh.org.br","https:\/\/www.instagram.com\/sindguardasbh\/","https:\/\/www.youtube.com\/@sindguardasBH"],"url":"https:\/\/sindguardasbh.org.br\/index.php\/author\/filiar-sindguardasbhgmail-com\/"}]}},"_links":{"self":[{"href":"https:\/\/sindguardasbh.org.br\/index.php\/wp-json\/wp\/v2\/posts\/304","targetHints":{"allow":["GET"]}}],"collection":[{"href":"https:\/\/sindguardasbh.org.br\/index.php\/wp-json\/wp\/v2\/posts"}],"about":[{"href":"https:\/\/sindguardasbh.org.br\/index.php\/wp-json\/wp\/v2\/types\/post"}],"author":[{"embeddable":true,"href":"https:\/\/sindguardasbh.org.br\/index.php\/wp-json\/wp\/v2\/users\/1"}],"replies":[{"embeddable":true,"href":"https:\/\/sindguardasbh.org.br\/index.php\/wp-json\/wp\/v2\/comments?post=304"}],"version-history":[{"count":3,"href":"https:\/\/sindguardasbh.org.br\/index.php\/wp-json\/wp\/v2\/posts\/304\/revisions"}],"predecessor-version":[{"id":309,"href":"https:\/\/sindguardasbh.org.br\/index.php\/wp-json\/wp\/v2\/posts\/304\/revisions\/309"}],"wp:featuredmedia":[{"embeddable":true,"href":"https:\/\/sindguardasbh.org.br\/index.php\/wp-json\/wp\/v2\/media\/299"}],"wp:attachment":[{"href":"https:\/\/sindguardasbh.org.br\/index.php\/wp-json\/wp\/v2\/media?parent=304"}],"wp:term":[{"taxonomy":"category","embeddable":true,"href":"https:\/\/sindguardasbh.org.br\/index.php\/wp-json\/wp\/v2\/categories?post=304"},{"taxonomy":"post_tag","embeddable":true,"href":"https:\/\/sindguardasbh.org.br\/index.php\/wp-json\/wp\/v2\/tags?post=304"}],"curies":[{"name":"wp","href":"https:\/\/api.w.org\/{rel}","templated":true}]}}