{"id":324,"date":"2026-07-22T13:34:15","date_gmt":"2026-07-22T16:34:15","guid":{"rendered":"http:\/\/sindguardasbh.org.br\/?p=324"},"modified":"2026-07-22T13:34:18","modified_gmt":"2026-07-22T16:34:18","slug":"sindguardas-bh-agora-e-fenaguardas-mais-forca-para-bh-no-cenario-nacional","status":"publish","type":"post","link":"https:\/\/sindguardasbh.org.br\/index.php\/2026\/07\/22\/sindguardas-bh-agora-e-fenaguardas-mais-forca-para-bh-no-cenario-nacional\/","title":{"rendered":"SINDGUARDAS-BH AGORA \u00c9 FENAGUARDAS: MAIS FOR\u00c7A PARA BH NO CEN\u00c1RIO NACIONAL!"},"content":{"rendered":"\n<figure class=\"wp-block-image size-full\"><img loading=\"lazy\" decoding=\"async\" width=\"1024\" height=\"1024\" src=\"http:\/\/sindguardasbh.org.br\/wp-content\/uploads\/2026\/07\/fenaguardas_Sindguardas.png\" alt=\"SINDGUARDAS-BH e FENAGUARDAS: juntos pelo fortalecimento e valoriza\u00e7\u00e3o das Guardas Municipais.\" class=\"wp-image-325\" srcset=\"https:\/\/sindguardasbh.org.br\/wp-content\/uploads\/2026\/07\/fenaguardas_Sindguardas.png 1024w, https:\/\/sindguardasbh.org.br\/wp-content\/uploads\/2026\/07\/fenaguardas_Sindguardas-300x300.png 300w, https:\/\/sindguardasbh.org.br\/wp-content\/uploads\/2026\/07\/fenaguardas_Sindguardas-150x150.png 150w, https:\/\/sindguardasbh.org.br\/wp-content\/uploads\/2026\/07\/fenaguardas_Sindguardas-768x768.png 768w\" sizes=\"auto, (max-width: 1024px) 100vw, 1024px\" \/><\/figure>\n\n\n\n<p class=\"wp-block-paragraph\">O <strong>SINDGUARDAS-BH d\u00e1 mais um importante passo no fortalecimento da representa\u00e7\u00e3o dos Guardas Civis Municipais de Belo Horizonte.<\/strong> A partir de agora, nosso Sindicato passa a integrar oficialmente a <strong>FENAGUARDAS \u2013 Federa\u00e7\u00e3o Nacional dos Sindicatos dos Guardas Municipais<\/strong>.<\/p>\n\n\n\n<p class=\"wp-block-paragraph\">Essa filia\u00e7\u00e3o significa ampliar nossa capacidade de <strong>articula\u00e7\u00e3o, representa\u00e7\u00e3o e defesa da categoria para al\u00e9m de Belo Horizonte<\/strong>.<\/p>\n\n\n\n<p class=\"wp-block-paragraph\">As pautas que impactam nossa carreira n\u00e3o est\u00e3o apenas no \u00e2mbito municipal. Muitas decis\u00f5es fundamentais passam pelo <strong>Congresso Nacional, Governo Federal, Poder Judici\u00e1rio e demais institui\u00e7\u00f5es nacionais<\/strong>. Por isso, estar organizado e representado nacionalmente \u00e9 estrat\u00e9gico para que a voz dos GCMs de Belo Horizonte tamb\u00e9m seja ouvida nesses espa\u00e7os.<\/p>\n\n\n\n<p class=\"wp-block-paragraph\">Com a filia\u00e7\u00e3o, o SINDGUARDAS-BH soma for\u00e7as \u00e0s mobiliza\u00e7\u00f5es nacionais relacionadas \u00e0 <strong>valoriza\u00e7\u00e3o profissional, seguran\u00e7a jur\u00eddica das Guardas Municipais, fortalecimento institucional e \u00e0s proposi\u00e7\u00f5es legislativas de interesse da categoria<\/strong>, incluindo os debates envolvendo as <strong>PECs 18 e 37<\/strong>.<\/p>\n\n\n\n<h3 class=\"wp-block-heading\">\u270a Uni\u00e3o local. Representatividade nacional.<\/h3>\n\n\n\n<p class=\"wp-block-paragraph\">O SINDGUARDAS-BH nasceu com o compromisso de construir uma entidade <strong>da categoria, para a categoria<\/strong>, e seguimos avan\u00e7ando sem abrir m\u00e3o da nossa autonomia e da defesa dos interesses dos Guardas Civis Municipais de Belo Horizonte.<\/p>\n\n\n\n<p class=\"wp-block-paragraph\">A filia\u00e7\u00e3o \u00e0 FENAGUARDAS amplia nossas possibilidades de di\u00e1logo, interc\u00e2mbio com sindicatos de todo o pa\u00eds e atua\u00e7\u00e3o conjunta nas grandes pautas nacionais.<\/p>\n\n\n\n<p class=\"wp-block-paragraph\"><strong>Quando Belo Horizonte se une ao Brasil, nossa voz chega mais longe.<\/strong><\/p>\n\n\n\n<p class=\"wp-block-paragraph\">\ud83c\udde7\ud83c\uddf7 <strong>SINDGUARDAS-BH + FENAGUARDAS<\/strong><br>\ud83e\udd1d Mais uni\u00e3o.<br>\ud83d\udce2 Mais representatividade.<br>\u270a Mais for\u00e7a para lutar por direitos e valoriza\u00e7\u00e3o.<\/p>\n\n\n\n<p class=\"wp-block-paragraph\"><strong>SINDGUARDAS-BH \u2014 DA CATEGORIA, PARA A CATEGORIA!<\/strong><\/p>\n\n\n\n<p class=\"wp-block-paragraph\"><strong>Foco &#8211; For\u00e7a &#8211; Uni\u00e3o<\/strong><\/p>\n\n\n\n<p class=\"wp-block-paragraph\"><\/p>\n","protected":false},"excerpt":{"rendered":"<p>O SINDGUARDAS-BH d\u00e1 mais um importante passo no fortalecimento da representa\u00e7\u00e3o dos Guardas Civis Municipais de Belo Horizonte. A partir [&hellip;]<\/p>\n","protected":false},"author":1,"featured_media":325,"comment_status":"open","ping_status":"open","sticky":false,"template":"","format":"standard","meta":{"site-sidebar-layout":"default","site-content-layout":"","ast-site-content-layout":"default","site-content-style":"default","site-sidebar-style":"default","ast-global-header-display":"","ast-banner-title-visibility":"","ast-main-header-display":"","ast-hfb-above-header-display":"","ast-hfb-below-header-display":"","ast-hfb-mobile-header-display":"","site-post-title":"","ast-breadcrumbs-content":"","ast-featured-img":"disabled","footer-sml-layout":"","ast-disable-related-posts":"","theme-transparent-header-meta":"","adv-header-id-meta":"","stick-header-meta":"","header-above-stick-meta":"","header-main-stick-meta":"","header-below-stick-meta":"","astra-migrate-meta-layouts":"default","ast-page-background-enabled":"default","ast-page-background-meta":{"desktop":{"background-color":"var(--ast-global-color-5)","background-image":"","background-repeat":"repeat","background-position":"center center","background-size":"auto","background-attachment":"scroll","background-type":"","background-media":"","overlay-type":"","overlay-color":"","overlay-opacity":"","overlay-gradient":""},"tablet":{"background-color":"","background-image":"","background-repeat":"repeat","background-position":"center center","background-size":"auto","background-attachment":"scroll","background-type":"","background-media":"","overlay-type":"","overlay-color":"","overlay-opacity":"","overlay-gradient":""},"mobile":{"background-color":"","background-image":"","background-repeat":"repeat","background-position":"center center","background-size":"auto","background-attachment":"scroll","background-type":"","background-media":"","overlay-type":"","overlay-color":"","overlay-opacity":"","overlay-gradient":""}},"ast-content-background-meta":{"desktop":{"background-color":"var(--ast-global-color-4)","background-image":"","background-repeat":"repeat","background-position":"center center","background-size":"auto","background-attachment":"scroll","background-type":"","background-media":"","overlay-type":"","overlay-color":"","overlay-opacity":"","overlay-gradient":""},"tablet":{"background-color":"var(--ast-global-color-4)","background-image":"","background-repeat":"repeat","background-position":"center center","background-size":"auto","background-attachment":"scroll","background-type":"","background-media":"","overlay-type":"","overlay-color":"","overlay-opacity":"","overlay-gradient":""},"mobile":{"background-color":"var(--ast-global-color-4)","background-image":"","background-repeat":"repeat","background-position":"center center","background-size":"auto","background-attachment":"scroll","background-type":"","background-media":"","overlay-type":"","overlay-color":"","overlay-opacity":"","overlay-gradient":""}},"footnotes":""},"categories":[113,78,67],"tags":[109,72,6,7,112,110,111,108,9,43,107,49],"class_list":["post-324","post","type-post","status-publish","format-standard","has-post-thumbnail","hentry","category-nacional","category-noticias","category-representatividade","tag-direitos-dos-guardas-municipais","tag-fenaguardas","tag-gcmbh","tag-guarda-civil-municipal-de-belo-horizonte","tag-guardas-municipais","tag-pec-18","tag-pec-37","tag-representatividade-sindical","tag-seguranca-publica","tag-sindguardas-bh-2","tag-sindicato-dos-guardas-municipais","tag-valorizacao-profissional"],"yoast_head":"<!-- This site is optimized with the Yoast SEO plugin v26.7 - https:\/\/yoast.com\/wordpress\/plugins\/seo\/ -->\n<title>SINDGUARDAS-BH AGORA \u00c9 FENAGUARDAS: MAIS FOR\u00c7A PARA BH NO CEN\u00c1RIO NACIONAL! - Sindguardas BH<\/title>\n<meta name=\"robots\" content=\"index, follow, max-snippet:-1, max-image-preview:large, max-video-preview:-1\" \/>\n<link rel=\"canonical\" href=\"https:\/\/sindguardasbh.org.br\/index.php\/2026\/07\/22\/sindguardas-bh-agora-e-fenaguardas-mais-forca-para-bh-no-cenario-nacional\/\" \/>\n<meta property=\"og:locale\" content=\"en_US\" \/>\n<meta property=\"og:type\" content=\"article\" \/>\n<meta property=\"og:title\" content=\"SINDGUARDAS-BH AGORA \u00c9 FENAGUARDAS: MAIS FOR\u00c7A PARA BH NO CEN\u00c1RIO NACIONAL! - Sindguardas BH\" \/>\n<meta property=\"og:description\" content=\"O SINDGUARDAS-BH d\u00e1 mais um importante passo no fortalecimento da representa\u00e7\u00e3o dos Guardas Civis Municipais de Belo Horizonte. A partir [&hellip;]\" \/>\n<meta property=\"og:url\" content=\"https:\/\/sindguardasbh.org.br\/index.php\/2026\/07\/22\/sindguardas-bh-agora-e-fenaguardas-mais-forca-para-bh-no-cenario-nacional\/\" \/>\n<meta property=\"og:site_name\" content=\"Sindguardas BH\" \/>\n<meta property=\"article:publisher\" content=\"https:\/\/www.instagram.com\/sindguardasbh\" \/>\n<meta property=\"article:published_time\" content=\"2026-07-22T16:34:15+00:00\" \/>\n<meta property=\"article:modified_time\" content=\"2026-07-22T16:34:18+00:00\" \/>\n<meta property=\"og:image\" content=\"https:\/\/sindguardasbh.org.br\/wp-content\/uploads\/2026\/07\/fenaguardas_Sindguardas.png\" \/>\n\t<meta property=\"og:image:width\" content=\"1024\" \/>\n\t<meta property=\"og:image:height\" content=\"1024\" \/>\n\t<meta property=\"og:image:type\" content=\"image\/png\" \/>\n<meta name=\"author\" content=\"Comunica\u00e7\u00e3o Sindguardas BH\" \/>\n<meta name=\"twitter:card\" content=\"summary_large_image\" \/>\n<meta name=\"twitter:label1\" content=\"Written by\" \/>\n\t<meta name=\"twitter:data1\" content=\"Comunica\u00e7\u00e3o Sindguardas BH\" \/>\n\t<meta name=\"twitter:label2\" content=\"Est. reading time\" \/>\n\t<meta name=\"twitter:data2\" content=\"2 minutes\" \/>\n<script type=\"application\/ld+json\" class=\"yoast-schema-graph\">{\"@context\":\"https:\/\/schema.org\",\"@graph\":[{\"@type\":\"Article\",\"@id\":\"https:\/\/sindguardasbh.org.br\/index.php\/2026\/07\/22\/sindguardas-bh-agora-e-fenaguardas-mais-forca-para-bh-no-cenario-nacional\/#article\",\"isPartOf\":{\"@id\":\"https:\/\/sindguardasbh.org.br\/index.php\/2026\/07\/22\/sindguardas-bh-agora-e-fenaguardas-mais-forca-para-bh-no-cenario-nacional\/\"},\"author\":{\"name\":\"Comunica\u00e7\u00e3o Sindguardas BH\",\"@id\":\"https:\/\/sindguardasbh.org.br\/#\/schema\/person\/ec419c011d34ad67053c327faf731226\"},\"headline\":\"SINDGUARDAS-BH AGORA \u00c9 FENAGUARDAS: MAIS FOR\u00c7A PARA BH NO CEN\u00c1RIO NACIONAL!\",\"datePublished\":\"2026-07-22T16:34:15+00:00\",\"dateModified\":\"2026-07-22T16:34:18+00:00\",\"mainEntityOfPage\":{\"@id\":\"https:\/\/sindguardasbh.org.br\/index.php\/2026\/07\/22\/sindguardas-bh-agora-e-fenaguardas-mais-forca-para-bh-no-cenario-nacional\/\"},\"wordCount\":284,\"commentCount\":0,\"publisher\":{\"@id\":\"https:\/\/sindguardasbh.org.br\/#organization\"},\"image\":{\"@id\":\"https:\/\/sindguardasbh.org.br\/index.php\/2026\/07\/22\/sindguardas-bh-agora-e-fenaguardas-mais-forca-para-bh-no-cenario-nacional\/#primaryimage\"},\"thumbnailUrl\":\"https:\/\/sindguardasbh.org.br\/wp-content\/uploads\/2026\/07\/fenaguardas_Sindguardas.png\",\"keywords\":[\"Direitos dos Guardas Municipais\",\"FENAGUARDAS\",\"GCMBH\",\"Guarda Civil Municipal de Belo Horizonte\",\"Guardas Municipais\",\"PEC 18\",\"PEC 37\",\"Representatividade Sindical\",\"Seguran\u00e7a P\u00fablica\",\"Sindguardas-BH\",\"Sindicato dos Guardas Municipais\",\"Valoriza\u00e7\u00e3o Profissional\"],\"articleSection\":[\"Nacional\",\"Not\u00edcias\",\"Representatividade\"],\"inLanguage\":\"en-US\",\"potentialAction\":[{\"@type\":\"CommentAction\",\"name\":\"Comment\",\"target\":[\"https:\/\/sindguardasbh.org.br\/index.php\/2026\/07\/22\/sindguardas-bh-agora-e-fenaguardas-mais-forca-para-bh-no-cenario-nacional\/#respond\"]}]},{\"@type\":\"WebPage\",\"@id\":\"https:\/\/sindguardasbh.org.br\/index.php\/2026\/07\/22\/sindguardas-bh-agora-e-fenaguardas-mais-forca-para-bh-no-cenario-nacional\/\",\"url\":\"https:\/\/sindguardasbh.org.br\/index.php\/2026\/07\/22\/sindguardas-bh-agora-e-fenaguardas-mais-forca-para-bh-no-cenario-nacional\/\",\"name\":\"SINDGUARDAS-BH AGORA \u00c9 FENAGUARDAS: MAIS FOR\u00c7A PARA BH NO CEN\u00c1RIO NACIONAL! - Sindguardas BH\",\"isPartOf\":{\"@id\":\"https:\/\/sindguardasbh.org.br\/#website\"},\"primaryImageOfPage\":{\"@id\":\"https:\/\/sindguardasbh.org.br\/index.php\/2026\/07\/22\/sindguardas-bh-agora-e-fenaguardas-mais-forca-para-bh-no-cenario-nacional\/#primaryimage\"},\"image\":{\"@id\":\"https:\/\/sindguardasbh.org.br\/index.php\/2026\/07\/22\/sindguardas-bh-agora-e-fenaguardas-mais-forca-para-bh-no-cenario-nacional\/#primaryimage\"},\"thumbnailUrl\":\"https:\/\/sindguardasbh.org.br\/wp-content\/uploads\/2026\/07\/fenaguardas_Sindguardas.png\",\"datePublished\":\"2026-07-22T16:34:15+00:00\",\"dateModified\":\"2026-07-22T16:34:18+00:00\",\"breadcrumb\":{\"@id\":\"https:\/\/sindguardasbh.org.br\/index.php\/2026\/07\/22\/sindguardas-bh-agora-e-fenaguardas-mais-forca-para-bh-no-cenario-nacional\/#breadcrumb\"},\"inLanguage\":\"en-US\",\"potentialAction\":[{\"@type\":\"ReadAction\",\"target\":[\"https:\/\/sindguardasbh.org.br\/index.php\/2026\/07\/22\/sindguardas-bh-agora-e-fenaguardas-mais-forca-para-bh-no-cenario-nacional\/\"]}]},{\"@type\":\"ImageObject\",\"inLanguage\":\"en-US\",\"@id\":\"https:\/\/sindguardasbh.org.br\/index.php\/2026\/07\/22\/sindguardas-bh-agora-e-fenaguardas-mais-forca-para-bh-no-cenario-nacional\/#primaryimage\",\"url\":\"https:\/\/sindguardasbh.org.br\/wp-content\/uploads\/2026\/07\/fenaguardas_Sindguardas.png\",\"contentUrl\":\"https:\/\/sindguardasbh.org.br\/wp-content\/uploads\/2026\/07\/fenaguardas_Sindguardas.png\",\"width\":1024,\"height\":1024},{\"@type\":\"BreadcrumbList\",\"@id\":\"https:\/\/sindguardasbh.org.br\/index.php\/2026\/07\/22\/sindguardas-bh-agora-e-fenaguardas-mais-forca-para-bh-no-cenario-nacional\/#breadcrumb\",\"itemListElement\":[{\"@type\":\"ListItem\",\"position\":1,\"name\":\"Home\",\"item\":\"http:\/\/sindguardasbh.org.br\/\"},{\"@type\":\"ListItem\",\"position\":2,\"name\":\"SINDGUARDAS-BH AGORA \u00c9 FENAGUARDAS: MAIS FOR\u00c7A PARA BH NO CEN\u00c1RIO NACIONAL!\"}]},{\"@type\":\"WebSite\",\"@id\":\"https:\/\/sindguardasbh.org.br\/#website\",\"url\":\"https:\/\/sindguardasbh.org.br\/\",\"name\":\"Sindguardas BH\",\"description\":\"\",\"publisher\":{\"@id\":\"https:\/\/sindguardasbh.org.br\/#organization\"},\"potentialAction\":[{\"@type\":\"SearchAction\",\"target\":{\"@type\":\"EntryPoint\",\"urlTemplate\":\"https:\/\/sindguardasbh.org.br\/?s={search_term_string}\"},\"query-input\":{\"@type\":\"PropertyValueSpecification\",\"valueRequired\":true,\"valueName\":\"search_term_string\"}}],\"inLanguage\":\"en-US\"},{\"@type\":\"Organization\",\"@id\":\"https:\/\/sindguardasbh.org.br\/#organization\",\"name\":\"Sindguardas BH\",\"url\":\"https:\/\/sindguardasbh.org.br\/\",\"logo\":{\"@type\":\"ImageObject\",\"inLanguage\":\"en-US\",\"@id\":\"https:\/\/sindguardasbh.org.br\/#\/schema\/logo\/image\/\",\"url\":\"https:\/\/sindguardasbh.org.br\/wp-content\/uploads\/2026\/01\/cropped-SINDGUARDAS-BH-1.png\",\"contentUrl\":\"https:\/\/sindguardasbh.org.br\/wp-content\/uploads\/2026\/01\/cropped-SINDGUARDAS-BH-1.png\",\"width\":150,\"height\":50,\"caption\":\"Sindguardas BH\"},\"image\":{\"@id\":\"https:\/\/sindguardasbh.org.br\/#\/schema\/logo\/image\/\"},\"sameAs\":[\"https:\/\/www.instagram.com\/sindguardasbh\"]},{\"@type\":\"Person\",\"@id\":\"https:\/\/sindguardasbh.org.br\/#\/schema\/person\/ec419c011d34ad67053c327faf731226\",\"name\":\"Comunica\u00e7\u00e3o Sindguardas BH\",\"image\":{\"@type\":\"ImageObject\",\"inLanguage\":\"en-US\",\"@id\":\"https:\/\/sindguardasbh.org.br\/#\/schema\/person\/image\/\",\"url\":\"https:\/\/secure.gravatar.com\/avatar\/50cfe4c9d5670a4ef8e4a8f0aa2ce175e9018c618ce4117369618c9742e08609?s=96&d=mm&r=g\",\"contentUrl\":\"https:\/\/secure.gravatar.com\/avatar\/50cfe4c9d5670a4ef8e4a8f0aa2ce175e9018c618ce4117369618c9742e08609?s=96&d=mm&r=g\",\"caption\":\"Comunica\u00e7\u00e3o Sindguardas BH\"},\"sameAs\":[\"http:\/\/sindguardasbh.org.br\",\"https:\/\/www.instagram.com\/sindguardasbh\/\",\"https:\/\/www.youtube.com\/@sindguardasBH\"],\"url\":\"https:\/\/sindguardasbh.org.br\/index.php\/author\/filiar-sindguardasbhgmail-com\/\"}]}<\/script>\n<!-- \/ Yoast SEO plugin. -->","yoast_head_json":{"title":"SINDGUARDAS-BH AGORA \u00c9 FENAGUARDAS: MAIS FOR\u00c7A PARA BH NO CEN\u00c1RIO NACIONAL! - Sindguardas BH","robots":{"index":"index","follow":"follow","max-snippet":"max-snippet:-1","max-image-preview":"max-image-preview:large","max-video-preview":"max-video-preview:-1"},"canonical":"https:\/\/sindguardasbh.org.br\/index.php\/2026\/07\/22\/sindguardas-bh-agora-e-fenaguardas-mais-forca-para-bh-no-cenario-nacional\/","og_locale":"en_US","og_type":"article","og_title":"SINDGUARDAS-BH AGORA \u00c9 FENAGUARDAS: MAIS FOR\u00c7A PARA BH NO CEN\u00c1RIO NACIONAL! - Sindguardas BH","og_description":"O SINDGUARDAS-BH d\u00e1 mais um importante passo no fortalecimento da representa\u00e7\u00e3o dos Guardas Civis Municipais de Belo Horizonte. A partir [&hellip;]","og_url":"https:\/\/sindguardasbh.org.br\/index.php\/2026\/07\/22\/sindguardas-bh-agora-e-fenaguardas-mais-forca-para-bh-no-cenario-nacional\/","og_site_name":"Sindguardas BH","article_publisher":"https:\/\/www.instagram.com\/sindguardasbh","article_published_time":"2026-07-22T16:34:15+00:00","article_modified_time":"2026-07-22T16:34:18+00:00","og_image":[{"width":1024,"height":1024,"url":"https:\/\/sindguardasbh.org.br\/wp-content\/uploads\/2026\/07\/fenaguardas_Sindguardas.png","type":"image\/png"}],"author":"Comunica\u00e7\u00e3o Sindguardas BH","twitter_card":"summary_large_image","twitter_misc":{"Written by":"Comunica\u00e7\u00e3o Sindguardas BH","Est. reading time":"2 minutes"},"schema":{"@context":"https:\/\/schema.org","@graph":[{"@type":"Article","@id":"https:\/\/sindguardasbh.org.br\/index.php\/2026\/07\/22\/sindguardas-bh-agora-e-fenaguardas-mais-forca-para-bh-no-cenario-nacional\/#article","isPartOf":{"@id":"https:\/\/sindguardasbh.org.br\/index.php\/2026\/07\/22\/sindguardas-bh-agora-e-fenaguardas-mais-forca-para-bh-no-cenario-nacional\/"},"author":{"name":"Comunica\u00e7\u00e3o Sindguardas BH","@id":"https:\/\/sindguardasbh.org.br\/#\/schema\/person\/ec419c011d34ad67053c327faf731226"},"headline":"SINDGUARDAS-BH AGORA \u00c9 FENAGUARDAS: MAIS FOR\u00c7A PARA BH NO CEN\u00c1RIO NACIONAL!","datePublished":"2026-07-22T16:34:15+00:00","dateModified":"2026-07-22T16:34:18+00:00","mainEntityOfPage":{"@id":"https:\/\/sindguardasbh.org.br\/index.php\/2026\/07\/22\/sindguardas-bh-agora-e-fenaguardas-mais-forca-para-bh-no-cenario-nacional\/"},"wordCount":284,"commentCount":0,"publisher":{"@id":"https:\/\/sindguardasbh.org.br\/#organization"},"image":{"@id":"https:\/\/sindguardasbh.org.br\/index.php\/2026\/07\/22\/sindguardas-bh-agora-e-fenaguardas-mais-forca-para-bh-no-cenario-nacional\/#primaryimage"},"thumbnailUrl":"https:\/\/sindguardasbh.org.br\/wp-content\/uploads\/2026\/07\/fenaguardas_Sindguardas.png","keywords":["Direitos dos Guardas Municipais","FENAGUARDAS","GCMBH","Guarda Civil Municipal de Belo Horizonte","Guardas Municipais","PEC 18","PEC 37","Representatividade Sindical","Seguran\u00e7a P\u00fablica","Sindguardas-BH","Sindicato dos Guardas Municipais","Valoriza\u00e7\u00e3o Profissional"],"articleSection":["Nacional","Not\u00edcias","Representatividade"],"inLanguage":"en-US","potentialAction":[{"@type":"CommentAction","name":"Comment","target":["https:\/\/sindguardasbh.org.br\/index.php\/2026\/07\/22\/sindguardas-bh-agora-e-fenaguardas-mais-forca-para-bh-no-cenario-nacional\/#respond"]}]},{"@type":"WebPage","@id":"https:\/\/sindguardasbh.org.br\/index.php\/2026\/07\/22\/sindguardas-bh-agora-e-fenaguardas-mais-forca-para-bh-no-cenario-nacional\/","url":"https:\/\/sindguardasbh.org.br\/index.php\/2026\/07\/22\/sindguardas-bh-agora-e-fenaguardas-mais-forca-para-bh-no-cenario-nacional\/","name":"SINDGUARDAS-BH AGORA \u00c9 FENAGUARDAS: MAIS FOR\u00c7A PARA BH NO CEN\u00c1RIO NACIONAL! - Sindguardas BH","isPartOf":{"@id":"https:\/\/sindguardasbh.org.br\/#website"},"primaryImageOfPage":{"@id":"https:\/\/sindguardasbh.org.br\/index.php\/2026\/07\/22\/sindguardas-bh-agora-e-fenaguardas-mais-forca-para-bh-no-cenario-nacional\/#primaryimage"},"image":{"@id":"https:\/\/sindguardasbh.org.br\/index.php\/2026\/07\/22\/sindguardas-bh-agora-e-fenaguardas-mais-forca-para-bh-no-cenario-nacional\/#primaryimage"},"thumbnailUrl":"https:\/\/sindguardasbh.org.br\/wp-content\/uploads\/2026\/07\/fenaguardas_Sindguardas.png","datePublished":"2026-07-22T16:34:15+00:00","dateModified":"2026-07-22T16:34:18+00:00","breadcrumb":{"@id":"https:\/\/sindguardasbh.org.br\/index.php\/2026\/07\/22\/sindguardas-bh-agora-e-fenaguardas-mais-forca-para-bh-no-cenario-nacional\/#breadcrumb"},"inLanguage":"en-US","potentialAction":[{"@type":"ReadAction","target":["https:\/\/sindguardasbh.org.br\/index.php\/2026\/07\/22\/sindguardas-bh-agora-e-fenaguardas-mais-forca-para-bh-no-cenario-nacional\/"]}]},{"@type":"ImageObject","inLanguage":"en-US","@id":"https:\/\/sindguardasbh.org.br\/index.php\/2026\/07\/22\/sindguardas-bh-agora-e-fenaguardas-mais-forca-para-bh-no-cenario-nacional\/#primaryimage","url":"https:\/\/sindguardasbh.org.br\/wp-content\/uploads\/2026\/07\/fenaguardas_Sindguardas.png","contentUrl":"https:\/\/sindguardasbh.org.br\/wp-content\/uploads\/2026\/07\/fenaguardas_Sindguardas.png","width":1024,"height":1024},{"@type":"BreadcrumbList","@id":"https:\/\/sindguardasbh.org.br\/index.php\/2026\/07\/22\/sindguardas-bh-agora-e-fenaguardas-mais-forca-para-bh-no-cenario-nacional\/#breadcrumb","itemListElement":[{"@type":"ListItem","position":1,"name":"Home","item":"http:\/\/sindguardasbh.org.br\/"},{"@type":"ListItem","position":2,"name":"SINDGUARDAS-BH AGORA \u00c9 FENAGUARDAS: MAIS FOR\u00c7A PARA BH NO CEN\u00c1RIO NACIONAL!"}]},{"@type":"WebSite","@id":"https:\/\/sindguardasbh.org.br\/#website","url":"https:\/\/sindguardasbh.org.br\/","name":"Sindguardas BH","description":"","publisher":{"@id":"https:\/\/sindguardasbh.org.br\/#organization"},"potentialAction":[{"@type":"SearchAction","target":{"@type":"EntryPoint","urlTemplate":"https:\/\/sindguardasbh.org.br\/?s={search_term_string}"},"query-input":{"@type":"PropertyValueSpecification","valueRequired":true,"valueName":"search_term_string"}}],"inLanguage":"en-US"},{"@type":"Organization","@id":"https:\/\/sindguardasbh.org.br\/#organization","name":"Sindguardas BH","url":"https:\/\/sindguardasbh.org.br\/","logo":{"@type":"ImageObject","inLanguage":"en-US","@id":"https:\/\/sindguardasbh.org.br\/#\/schema\/logo\/image\/","url":"https:\/\/sindguardasbh.org.br\/wp-content\/uploads\/2026\/01\/cropped-SINDGUARDAS-BH-1.png","contentUrl":"https:\/\/sindguardasbh.org.br\/wp-content\/uploads\/2026\/01\/cropped-SINDGUARDAS-BH-1.png","width":150,"height":50,"caption":"Sindguardas BH"},"image":{"@id":"https:\/\/sindguardasbh.org.br\/#\/schema\/logo\/image\/"},"sameAs":["https:\/\/www.instagram.com\/sindguardasbh"]},{"@type":"Person","@id":"https:\/\/sindguardasbh.org.br\/#\/schema\/person\/ec419c011d34ad67053c327faf731226","name":"Comunica\u00e7\u00e3o Sindguardas BH","image":{"@type":"ImageObject","inLanguage":"en-US","@id":"https:\/\/sindguardasbh.org.br\/#\/schema\/person\/image\/","url":"https:\/\/secure.gravatar.com\/avatar\/50cfe4c9d5670a4ef8e4a8f0aa2ce175e9018c618ce4117369618c9742e08609?s=96&d=mm&r=g","contentUrl":"https:\/\/secure.gravatar.com\/avatar\/50cfe4c9d5670a4ef8e4a8f0aa2ce175e9018c618ce4117369618c9742e08609?s=96&d=mm&r=g","caption":"Comunica\u00e7\u00e3o Sindguardas BH"},"sameAs":["http:\/\/sindguardasbh.org.br","https:\/\/www.instagram.com\/sindguardasbh\/","https:\/\/www.youtube.com\/@sindguardasBH"],"url":"https:\/\/sindguardasbh.org.br\/index.php\/author\/filiar-sindguardasbhgmail-com\/"}]}},"_links":{"self":[{"href":"https:\/\/sindguardasbh.org.br\/index.php\/wp-json\/wp\/v2\/posts\/324","targetHints":{"allow":["GET"]}}],"collection":[{"href":"https:\/\/sindguardasbh.org.br\/index.php\/wp-json\/wp\/v2\/posts"}],"about":[{"href":"https:\/\/sindguardasbh.org.br\/index.php\/wp-json\/wp\/v2\/types\/post"}],"author":[{"embeddable":true,"href":"https:\/\/sindguardasbh.org.br\/index.php\/wp-json\/wp\/v2\/users\/1"}],"replies":[{"embeddable":true,"href":"https:\/\/sindguardasbh.org.br\/index.php\/wp-json\/wp\/v2\/comments?post=324"}],"version-history":[{"count":1,"href":"https:\/\/sindguardasbh.org.br\/index.php\/wp-json\/wp\/v2\/posts\/324\/revisions"}],"predecessor-version":[{"id":326,"href":"https:\/\/sindguardasbh.org.br\/index.php\/wp-json\/wp\/v2\/posts\/324\/revisions\/326"}],"wp:featuredmedia":[{"embeddable":true,"href":"https:\/\/sindguardasbh.org.br\/index.php\/wp-json\/wp\/v2\/media\/325"}],"wp:attachment":[{"href":"https:\/\/sindguardasbh.org.br\/index.php\/wp-json\/wp\/v2\/media?parent=324"}],"wp:term":[{"taxonomy":"category","embeddable":true,"href":"https:\/\/sindguardasbh.org.br\/index.php\/wp-json\/wp\/v2\/categories?post=324"},{"taxonomy":"post_tag","embeddable":true,"href":"https:\/\/sindguardasbh.org.br\/index.php\/wp-json\/wp\/v2\/tags?post=324"}],"curies":[{"name":"wp","href":"https:\/\/api.w.org\/{rel}","templated":true}]}}