{"id":327,"date":"2026-07-29T11:12:59","date_gmt":"2026-07-29T14:12:59","guid":{"rendered":"http:\/\/sindguardasbh.org.br\/?p=327"},"modified":"2026-07-29T11:17:42","modified_gmt":"2026-07-29T14:17:42","slug":"sindguardas-bh-lanca-pesquisa-para-mapear-formacao-academica-dos-guardas-civis-de-belo-horizonte","status":"publish","type":"post","link":"https:\/\/sindguardasbh.org.br\/index.php\/2026\/07\/29\/sindguardas-bh-lanca-pesquisa-para-mapear-formacao-academica-dos-guardas-civis-de-belo-horizonte\/","title":{"rendered":"SINDGUARDAS-BH lan\u00e7a pesquisa para mapear forma\u00e7\u00e3o acad\u00eamica dos Guardas Civis de Belo Horizonte"},"content":{"rendered":"\n<p class=\"wp-block-paragraph\">Levantamento busca identificar cursos ainda n\u00e3o contemplados na Progress\u00e3o por Escolaridade e produzir dados t\u00e9cnicos para subsidiar propostas de amplia\u00e7\u00e3o do rol de forma\u00e7\u00f5es<\/p>\n\n\n\n<figure class=\"wp-block-image size-large\"><img loading=\"lazy\" decoding=\"async\" width=\"819\" height=\"1024\" src=\"http:\/\/sindguardasbh.org.br\/wp-content\/uploads\/2026\/07\/pesquisaFormacao-819x1024.png\" alt=\"Arte do SINDGUARDAS-BH divulgando pesquisa sobre forma\u00e7\u00e3o acad\u00eamica e Progress\u00e3o por Escolaridade dos Guardas Civis Municipais de Belo Horizonte\" class=\"wp-image-328\" srcset=\"https:\/\/sindguardasbh.org.br\/wp-content\/uploads\/2026\/07\/pesquisaFormacao-819x1024.png 819w, https:\/\/sindguardasbh.org.br\/wp-content\/uploads\/2026\/07\/pesquisaFormacao-240x300.png 240w, https:\/\/sindguardasbh.org.br\/wp-content\/uploads\/2026\/07\/pesquisaFormacao-768x960.png 768w, https:\/\/sindguardasbh.org.br\/wp-content\/uploads\/2026\/07\/pesquisaFormacao.png 1080w\" sizes=\"auto, (max-width: 819px) 100vw, 819px\" \/><\/figure>\n\n\n\n<p class=\"wp-block-paragraph\">O <strong>SINDGUARDAS-BH<\/strong>, por meio da <strong>Diretoria de Forma\u00e7\u00e3o, Pesquisa e Estudos<\/strong>, inicia uma importante pesquisa junto aos Guardas Civis Municipais de Belo Horizonte para conhecer a forma\u00e7\u00e3o acad\u00eamica da categoria e identificar cursos que possam possuir relev\u00e2ncia para as atividades desempenhadas na GCMBH, mas que ainda n\u00e3o estejam contemplados, ou cuja abrang\u00eancia possa ser ampliada, para fins de <strong>Progress\u00e3o por Escolaridade<\/strong>.<\/p>\n\n\n\n<p class=\"wp-block-paragraph\">A iniciativa parte de uma premissa simples: <strong>a categoria possui conhecimento, qualifica\u00e7\u00e3o e experi\u00eancia que precisam ser conhecidos, mensurados e transformados em informa\u00e7\u00e3o t\u00e9cnica.<\/strong><\/p>\n\n\n\n<p class=\"wp-block-paragraph\">\ud83c\udf93 Gradua\u00e7\u00f5es, cursos superiores de tecnologia, licenciaturas, especializa\u00e7\u00f5es, MBAs, mestrados e doutorados poder\u00e3o integrar o levantamento.<\/p>\n\n\n\n<h3 class=\"wp-block-heading\">Da percep\u00e7\u00e3o aos dados<\/h3>\n\n\n\n<p class=\"wp-block-paragraph\">A pesquisa n\u00e3o pretende simplesmente elaborar uma lista de cursos sugeridos pela categoria.<\/p>\n\n\n\n<p class=\"wp-block-paragraph\">Foi desenvolvida uma <strong>metodologia pr\u00f3pria de levantamento e an\u00e1lise<\/strong>, estruturada para verificar n\u00e3o apenas qual forma\u00e7\u00e3o o Guarda Civil possui, mas tamb\u00e9m sua rela\u00e7\u00e3o com as atividades institucionais.<\/p>\n\n\n\n<p class=\"wp-block-paragraph\">O question\u00e1rio investiga aspectos como forma\u00e7\u00e3o acad\u00eamica, \u00e1rea de atua\u00e7\u00e3o, percep\u00e7\u00e3o sobre a contempla\u00e7\u00e3o atual do curso, rela\u00e7\u00e3o com as atribui\u00e7\u00f5es da GCMBH, possibilidade de aplica\u00e7\u00e3o dos conhecimentos, utiliza\u00e7\u00e3o pr\u00e1tica na institui\u00e7\u00e3o e import\u00e2ncia atribu\u00edda \u00e0 an\u00e1lise da forma\u00e7\u00e3o para eventual inclus\u00e3o ou amplia\u00e7\u00e3o do rol.<\/p>\n\n\n\n<p class=\"wp-block-paragraph\">As respostas ser\u00e3o posteriormente consolidadas por curso e \u00e1rea de conhecimento.<\/p>\n\n\n\n<h3 class=\"wp-block-heading\">\u00cdndice de Relev\u00e2ncia Institucional<\/h3>\n\n\n\n<p class=\"wp-block-paragraph\">Como ferramenta auxiliar de an\u00e1lise, a metodologia prev\u00ea a utiliza\u00e7\u00e3o de um <strong>\u00cdndice de Relev\u00e2ncia<\/strong>, considerando cinco dimens\u00f5es:<\/p>\n\n\n\n<p class=\"wp-block-paragraph\"><strong>30%<\/strong> \u2013 forma\u00e7\u00e3o informada como n\u00e3o contemplada;<br><strong>30%<\/strong> \u2013 rela\u00e7\u00e3o com as atividades da GCMBH;<br><strong>20%<\/strong> \u2013 manifesta\u00e7\u00e3o favor\u00e1vel \u00e0 an\u00e1lise para inclus\u00e3o;<br><strong>10%<\/strong> \u2013 grau de import\u00e2ncia atribu\u00eddo;<br><strong>10%<\/strong> \u2013 aplica\u00e7\u00e3o pr\u00e1tica dos conhecimentos na institui\u00e7\u00e3o.<\/p>\n\n\n\n<p class=\"wp-block-paragraph\">O \u00edndice ser\u00e1 utilizado exclusivamente como instrumento de <strong>triagem e prioriza\u00e7\u00e3o para an\u00e1lise t\u00e9cnica<\/strong>. Ele n\u00e3o determina direito \u00e0 progress\u00e3o nem substitui a avalia\u00e7\u00e3o administrativa, jur\u00eddica ou da legisla\u00e7\u00e3o aplic\u00e1vel.<\/p>\n\n\n\n<p class=\"wp-block-paragraph\">\ud83d\udcc4 <strong>Conhe\u00e7a a metodologia completa da pesquisa:<\/strong><br>\ud83d\udc49 <strong><a href=\"https:\/\/drive.google.com\/file\/d\/1gIdcO21RP0F3TmHlFfo1GTlEd5SD_hVJ\/view?usp=drive_link\">[LINK DA METODOLOGIA COMPLETA]<\/a><\/strong><\/p>\n\n\n\n<h3 class=\"wp-block-heading\">O resultado poder\u00e1 subsidiar propostas \u00e0 Administra\u00e7\u00e3o<\/h3>\n\n\n\n<p class=\"wp-block-paragraph\">Ao t\u00e9rmino da coleta, os dados permitir\u00e3o identificar, entre outros indicadores, quais cursos aparecem com maior frequ\u00eancia, quais s\u00e3o apontados como n\u00e3o contemplados, quais possuem rela\u00e7\u00e3o direta ou parcial com as atividades da Guarda e em quais \u00e1reas institucionais esses conhecimentos j\u00e1 s\u00e3o ou poderiam ser utilizados.<\/p>\n\n\n\n<p class=\"wp-block-paragraph\">O objetivo \u00e9 permitir que futuras propostas sejam sustentadas n\u00e3o apenas por reivindica\u00e7\u00f5es individuais, mas por <strong>dados consolidados, aplicabilidade institucional e evid\u00eancias produzidas pela pr\u00f3pria categoria<\/strong>.<\/p>\n\n\n\n<p class=\"wp-block-paragraph\">A pesquisa tamb\u00e9m poder\u00e1 contribuir para a identifica\u00e7\u00e3o de novas \u00e1reas de conhecimento relacionadas \u00e0 evolu\u00e7\u00e3o das atividades da Guarda, incluindo seguran\u00e7a p\u00fablica, tecnologia da informa\u00e7\u00e3o, intelig\u00eancia, ciberseguran\u00e7a, tr\u00e2nsito, gest\u00e3o p\u00fablica, an\u00e1lise de dados, geoprocessamento, ensino, direitos humanos, planejamento, prote\u00e7\u00e3o de pessoas vulnerabilizadas, entre outras.<\/p>\n\n\n\n<h3 class=\"wp-block-heading\">Sua forma\u00e7\u00e3o precisa entrar nesse levantamento<\/h3>\n\n\n\n<p class=\"wp-block-paragraph\">Para que os resultados representem adequadamente a realidade da GCMBH, a participa\u00e7\u00e3o da categoria \u00e9 fundamental.<\/p>\n\n\n\n<p class=\"wp-block-paragraph\">Se voc\u00ea possui uma forma\u00e7\u00e3o acad\u00eamica que considera relevante para as atividades da Guarda, <strong>participe<\/strong>, especialmente se acredita que seu curso ainda n\u00e3o esteja contemplado nas possibilidades atuais de Progress\u00e3o por Escolaridade.<\/p>\n\n\n\n<p class=\"wp-block-paragraph\">\u23f1\ufe0f O preenchimento leva aproximadamente <strong>2 a 4 minutos<\/strong>.<\/p>\n\n\n\n<p class=\"wp-block-paragraph\">\ud83d\udc49 <strong>PARTICIPE DA PESQUISA<\/strong><\/p>\n\n\n\n<div class=\"wp-block-buttons is-layout-flex wp-block-buttons-is-layout-flex\">\n<div class=\"wp-block-button is-style-fill\"><a class=\"wp-block-button__link has-pale-cyan-blue-background-color has-background wp-element-button\" href=\"https:\/\/docs.google.com\/forms\/d\/e\/1FAIpQLSd-PQyaRQ_s6O_dqkXcWk4AzCFh_tGT74_SyMDufWAkdiS83Q\/viewform\">PARTICIPE DA PESQUISA<\/a><\/div>\n<\/div>\n\n\n\n<p class=\"wp-block-paragraph\">Caso possua mais de uma forma\u00e7\u00e3o relevante, siga as orienta\u00e7\u00f5es apresentadas no pr\u00f3prio levantamento.<\/p>\n\n\n\n<p class=\"wp-block-paragraph\">Quanto maior a participa\u00e7\u00e3o, mais consistente ser\u00e1 o retrato da qualifica\u00e7\u00e3o acad\u00eamica existente na institui\u00e7\u00e3o.<\/p>\n\n\n\n<p class=\"wp-block-paragraph\"><strong>N\u00e3o queremos apenas saber quais diplomas a categoria possui. Queremos demonstrar onde esse conhecimento est\u00e1, como ele pode contribuir com a GCMBH e quais forma\u00e7\u00f5es merecem ser analisadas.<\/strong><\/p>\n\n\n\n<h3 class=\"wp-block-heading\">SINDGUARDAS-BH<\/h3>\n\n\n\n<p class=\"wp-block-paragraph\"><strong>Diretoria de Forma\u00e7\u00e3o, Pesquisa e Estudos<\/strong><\/p>\n\n\n\n<p class=\"wp-block-paragraph\"><strong>Conhecimento \u2022 Valoriza\u00e7\u00e3o \u2022 Evolu\u00e7\u00e3o<\/strong><\/p>\n","protected":false},"excerpt":{"rendered":"<p>Levantamento busca identificar cursos ainda n\u00e3o contemplados na Progress\u00e3o por Escolaridade e produzir dados t\u00e9cnicos para subsidiar propostas de amplia\u00e7\u00e3o [&hellip;]<\/p>\n","protected":false},"author":1,"featured_media":328,"comment_status":"open","ping_status":"open","sticky":false,"template":"","format":"standard","meta":{"site-sidebar-layout":"default","site-content-layout":"","ast-site-content-layout":"default","site-content-style":"default","site-sidebar-style":"default","ast-global-header-display":"","ast-banner-title-visibility":"","ast-main-header-display":"","ast-hfb-above-header-display":"","ast-hfb-below-header-display":"","ast-hfb-mobile-header-display":"","site-post-title":"","ast-breadcrumbs-content":"","ast-featured-img":"disabled","footer-sml-layout":"","ast-disable-related-posts":"","theme-transparent-header-meta":"","adv-header-id-meta":"","stick-header-meta":"","header-above-stick-meta":"","header-main-stick-meta":"","header-below-stick-meta":"","astra-migrate-meta-layouts":"default","ast-page-background-enabled":"default","ast-page-background-meta":{"desktop":{"background-color":"var(--ast-global-color-5)","background-image":"","background-repeat":"repeat","background-position":"center center","background-size":"auto","background-attachment":"scroll","background-type":"","background-media":"","overlay-type":"","overlay-color":"","overlay-opacity":"","overlay-gradient":""},"tablet":{"background-color":"","background-image":"","background-repeat":"repeat","background-position":"center center","background-size":"auto","background-attachment":"scroll","background-type":"","background-media":"","overlay-type":"","overlay-color":"","overlay-opacity":"","overlay-gradient":""},"mobile":{"background-color":"","background-image":"","background-repeat":"repeat","background-position":"center center","background-size":"auto","background-attachment":"scroll","background-type":"","background-media":"","overlay-type":"","overlay-color":"","overlay-opacity":"","overlay-gradient":""}},"ast-content-background-meta":{"desktop":{"background-color":"var(--ast-global-color-4)","background-image":"","background-repeat":"repeat","background-position":"center center","background-size":"auto","background-attachment":"scroll","background-type":"","background-media":"","overlay-type":"","overlay-color":"","overlay-opacity":"","overlay-gradient":""},"tablet":{"background-color":"var(--ast-global-color-4)","background-image":"","background-repeat":"repeat","background-position":"center center","background-size":"auto","background-attachment":"scroll","background-type":"","background-media":"","overlay-type":"","overlay-color":"","overlay-opacity":"","overlay-gradient":""},"mobile":{"background-color":"var(--ast-global-color-4)","background-image":"","background-repeat":"repeat","background-position":"center center","background-size":"auto","background-attachment":"scroll","background-type":"","background-media":"","overlay-type":"","overlay-color":"","overlay-opacity":"","overlay-gradient":""}},"footnotes":""},"categories":[114,67],"tags":[],"class_list":["post-327","post","type-post","status-publish","format-standard","has-post-thumbnail","hentry","category-progressao-por-escolaridade-gcmbh","category-representatividade"],"yoast_head":"<!-- This site is optimized with the Yoast SEO plugin v26.7 - https:\/\/yoast.com\/wordpress\/plugins\/seo\/ -->\n<title>SINDGUARDAS-BH lan\u00e7a pesquisa para mapear forma\u00e7\u00e3o acad\u00eamica dos Guardas Civis de Belo Horizonte - Sindguardas BH<\/title>\n<meta name=\"robots\" content=\"index, follow, max-snippet:-1, max-image-preview:large, max-video-preview:-1\" \/>\n<link rel=\"canonical\" href=\"https:\/\/sindguardasbh.org.br\/index.php\/2026\/07\/29\/sindguardas-bh-lanca-pesquisa-para-mapear-formacao-academica-dos-guardas-civis-de-belo-horizonte\/\" \/>\n<meta property=\"og:locale\" content=\"en_US\" \/>\n<meta property=\"og:type\" content=\"article\" \/>\n<meta property=\"og:title\" content=\"SINDGUARDAS-BH lan\u00e7a pesquisa para mapear forma\u00e7\u00e3o acad\u00eamica dos Guardas Civis de Belo Horizonte - Sindguardas BH\" \/>\n<meta property=\"og:description\" content=\"Levantamento busca identificar cursos ainda n\u00e3o contemplados na Progress\u00e3o por Escolaridade e produzir dados t\u00e9cnicos para subsidiar propostas de amplia\u00e7\u00e3o [&hellip;]\" \/>\n<meta property=\"og:url\" content=\"https:\/\/sindguardasbh.org.br\/index.php\/2026\/07\/29\/sindguardas-bh-lanca-pesquisa-para-mapear-formacao-academica-dos-guardas-civis-de-belo-horizonte\/\" \/>\n<meta property=\"og:site_name\" content=\"Sindguardas BH\" \/>\n<meta property=\"article:publisher\" content=\"https:\/\/www.instagram.com\/sindguardasbh\" \/>\n<meta property=\"article:published_time\" content=\"2026-07-29T14:12:59+00:00\" \/>\n<meta property=\"article:modified_time\" content=\"2026-07-29T14:17:42+00:00\" \/>\n<meta property=\"og:image\" content=\"https:\/\/sindguardasbh.org.br\/wp-content\/uploads\/2026\/07\/pesquisaFormacao.png\" \/>\n\t<meta property=\"og:image:width\" content=\"1080\" \/>\n\t<meta property=\"og:image:height\" content=\"1350\" \/>\n\t<meta property=\"og:image:type\" content=\"image\/png\" \/>\n<meta name=\"author\" content=\"Comunica\u00e7\u00e3o Sindguardas BH\" \/>\n<meta name=\"twitter:card\" content=\"summary_large_image\" \/>\n<meta name=\"twitter:label1\" content=\"Written by\" \/>\n\t<meta name=\"twitter:data1\" content=\"Comunica\u00e7\u00e3o Sindguardas BH\" \/>\n\t<meta name=\"twitter:label2\" content=\"Est. reading time\" \/>\n\t<meta name=\"twitter:data2\" content=\"3 minutes\" \/>\n<script type=\"application\/ld+json\" class=\"yoast-schema-graph\">{\"@context\":\"https:\/\/schema.org\",\"@graph\":[{\"@type\":\"Article\",\"@id\":\"https:\/\/sindguardasbh.org.br\/index.php\/2026\/07\/29\/sindguardas-bh-lanca-pesquisa-para-mapear-formacao-academica-dos-guardas-civis-de-belo-horizonte\/#article\",\"isPartOf\":{\"@id\":\"https:\/\/sindguardasbh.org.br\/index.php\/2026\/07\/29\/sindguardas-bh-lanca-pesquisa-para-mapear-formacao-academica-dos-guardas-civis-de-belo-horizonte\/\"},\"author\":{\"name\":\"Comunica\u00e7\u00e3o Sindguardas BH\",\"@id\":\"https:\/\/sindguardasbh.org.br\/#\/schema\/person\/ec419c011d34ad67053c327faf731226\"},\"headline\":\"SINDGUARDAS-BH lan\u00e7a pesquisa para mapear forma\u00e7\u00e3o acad\u00eamica dos Guardas Civis de Belo Horizonte\",\"datePublished\":\"2026-07-29T14:12:59+00:00\",\"dateModified\":\"2026-07-29T14:17:42+00:00\",\"mainEntityOfPage\":{\"@id\":\"https:\/\/sindguardasbh.org.br\/index.php\/2026\/07\/29\/sindguardas-bh-lanca-pesquisa-para-mapear-formacao-academica-dos-guardas-civis-de-belo-horizonte\/\"},\"wordCount\":698,\"commentCount\":0,\"publisher\":{\"@id\":\"https:\/\/sindguardasbh.org.br\/#organization\"},\"image\":{\"@id\":\"https:\/\/sindguardasbh.org.br\/index.php\/2026\/07\/29\/sindguardas-bh-lanca-pesquisa-para-mapear-formacao-academica-dos-guardas-civis-de-belo-horizonte\/#primaryimage\"},\"thumbnailUrl\":\"https:\/\/sindguardasbh.org.br\/wp-content\/uploads\/2026\/07\/pesquisaFormacao.png\",\"articleSection\":[\"Progress\u00e3o por Escolaridade GCMBH\",\"Representatividade\"],\"inLanguage\":\"en-US\",\"potentialAction\":[{\"@type\":\"CommentAction\",\"name\":\"Comment\",\"target\":[\"https:\/\/sindguardasbh.org.br\/index.php\/2026\/07\/29\/sindguardas-bh-lanca-pesquisa-para-mapear-formacao-academica-dos-guardas-civis-de-belo-horizonte\/#respond\"]}]},{\"@type\":\"WebPage\",\"@id\":\"https:\/\/sindguardasbh.org.br\/index.php\/2026\/07\/29\/sindguardas-bh-lanca-pesquisa-para-mapear-formacao-academica-dos-guardas-civis-de-belo-horizonte\/\",\"url\":\"https:\/\/sindguardasbh.org.br\/index.php\/2026\/07\/29\/sindguardas-bh-lanca-pesquisa-para-mapear-formacao-academica-dos-guardas-civis-de-belo-horizonte\/\",\"name\":\"SINDGUARDAS-BH lan\u00e7a pesquisa para mapear forma\u00e7\u00e3o acad\u00eamica dos Guardas Civis de Belo Horizonte - Sindguardas BH\",\"isPartOf\":{\"@id\":\"https:\/\/sindguardasbh.org.br\/#website\"},\"primaryImageOfPage\":{\"@id\":\"https:\/\/sindguardasbh.org.br\/index.php\/2026\/07\/29\/sindguardas-bh-lanca-pesquisa-para-mapear-formacao-academica-dos-guardas-civis-de-belo-horizonte\/#primaryimage\"},\"image\":{\"@id\":\"https:\/\/sindguardasbh.org.br\/index.php\/2026\/07\/29\/sindguardas-bh-lanca-pesquisa-para-mapear-formacao-academica-dos-guardas-civis-de-belo-horizonte\/#primaryimage\"},\"thumbnailUrl\":\"https:\/\/sindguardasbh.org.br\/wp-content\/uploads\/2026\/07\/pesquisaFormacao.png\",\"datePublished\":\"2026-07-29T14:12:59+00:00\",\"dateModified\":\"2026-07-29T14:17:42+00:00\",\"breadcrumb\":{\"@id\":\"https:\/\/sindguardasbh.org.br\/index.php\/2026\/07\/29\/sindguardas-bh-lanca-pesquisa-para-mapear-formacao-academica-dos-guardas-civis-de-belo-horizonte\/#breadcrumb\"},\"inLanguage\":\"en-US\",\"potentialAction\":[{\"@type\":\"ReadAction\",\"target\":[\"https:\/\/sindguardasbh.org.br\/index.php\/2026\/07\/29\/sindguardas-bh-lanca-pesquisa-para-mapear-formacao-academica-dos-guardas-civis-de-belo-horizonte\/\"]}]},{\"@type\":\"ImageObject\",\"inLanguage\":\"en-US\",\"@id\":\"https:\/\/sindguardasbh.org.br\/index.php\/2026\/07\/29\/sindguardas-bh-lanca-pesquisa-para-mapear-formacao-academica-dos-guardas-civis-de-belo-horizonte\/#primaryimage\",\"url\":\"https:\/\/sindguardasbh.org.br\/wp-content\/uploads\/2026\/07\/pesquisaFormacao.png\",\"contentUrl\":\"https:\/\/sindguardasbh.org.br\/wp-content\/uploads\/2026\/07\/pesquisaFormacao.png\",\"width\":1080,\"height\":1350},{\"@type\":\"BreadcrumbList\",\"@id\":\"https:\/\/sindguardasbh.org.br\/index.php\/2026\/07\/29\/sindguardas-bh-lanca-pesquisa-para-mapear-formacao-academica-dos-guardas-civis-de-belo-horizonte\/#breadcrumb\",\"itemListElement\":[{\"@type\":\"ListItem\",\"position\":1,\"name\":\"Home\",\"item\":\"http:\/\/sindguardasbh.org.br\/\"},{\"@type\":\"ListItem\",\"position\":2,\"name\":\"SINDGUARDAS-BH lan\u00e7a pesquisa para mapear forma\u00e7\u00e3o acad\u00eamica dos Guardas Civis de Belo Horizonte\"}]},{\"@type\":\"WebSite\",\"@id\":\"https:\/\/sindguardasbh.org.br\/#website\",\"url\":\"https:\/\/sindguardasbh.org.br\/\",\"name\":\"Sindguardas BH\",\"description\":\"\",\"publisher\":{\"@id\":\"https:\/\/sindguardasbh.org.br\/#organization\"},\"potentialAction\":[{\"@type\":\"SearchAction\",\"target\":{\"@type\":\"EntryPoint\",\"urlTemplate\":\"https:\/\/sindguardasbh.org.br\/?s={search_term_string}\"},\"query-input\":{\"@type\":\"PropertyValueSpecification\",\"valueRequired\":true,\"valueName\":\"search_term_string\"}}],\"inLanguage\":\"en-US\"},{\"@type\":\"Organization\",\"@id\":\"https:\/\/sindguardasbh.org.br\/#organization\",\"name\":\"Sindguardas BH\",\"url\":\"https:\/\/sindguardasbh.org.br\/\",\"logo\":{\"@type\":\"ImageObject\",\"inLanguage\":\"en-US\",\"@id\":\"https:\/\/sindguardasbh.org.br\/#\/schema\/logo\/image\/\",\"url\":\"https:\/\/sindguardasbh.org.br\/wp-content\/uploads\/2026\/01\/cropped-SINDGUARDAS-BH-1.png\",\"contentUrl\":\"https:\/\/sindguardasbh.org.br\/wp-content\/uploads\/2026\/01\/cropped-SINDGUARDAS-BH-1.png\",\"width\":150,\"height\":50,\"caption\":\"Sindguardas BH\"},\"image\":{\"@id\":\"https:\/\/sindguardasbh.org.br\/#\/schema\/logo\/image\/\"},\"sameAs\":[\"https:\/\/www.instagram.com\/sindguardasbh\"]},{\"@type\":\"Person\",\"@id\":\"https:\/\/sindguardasbh.org.br\/#\/schema\/person\/ec419c011d34ad67053c327faf731226\",\"name\":\"Comunica\u00e7\u00e3o Sindguardas BH\",\"image\":{\"@type\":\"ImageObject\",\"inLanguage\":\"en-US\",\"@id\":\"https:\/\/sindguardasbh.org.br\/#\/schema\/person\/image\/\",\"url\":\"https:\/\/secure.gravatar.com\/avatar\/50cfe4c9d5670a4ef8e4a8f0aa2ce175e9018c618ce4117369618c9742e08609?s=96&d=mm&r=g\",\"contentUrl\":\"https:\/\/secure.gravatar.com\/avatar\/50cfe4c9d5670a4ef8e4a8f0aa2ce175e9018c618ce4117369618c9742e08609?s=96&d=mm&r=g\",\"caption\":\"Comunica\u00e7\u00e3o Sindguardas BH\"},\"sameAs\":[\"http:\/\/sindguardasbh.org.br\",\"https:\/\/www.instagram.com\/sindguardasbh\/\",\"https:\/\/www.youtube.com\/@sindguardasBH\"],\"url\":\"https:\/\/sindguardasbh.org.br\/index.php\/author\/filiar-sindguardasbhgmail-com\/\"}]}<\/script>\n<!-- \/ Yoast SEO plugin. -->","yoast_head_json":{"title":"SINDGUARDAS-BH lan\u00e7a pesquisa para mapear forma\u00e7\u00e3o acad\u00eamica dos Guardas Civis de Belo Horizonte - Sindguardas BH","robots":{"index":"index","follow":"follow","max-snippet":"max-snippet:-1","max-image-preview":"max-image-preview:large","max-video-preview":"max-video-preview:-1"},"canonical":"https:\/\/sindguardasbh.org.br\/index.php\/2026\/07\/29\/sindguardas-bh-lanca-pesquisa-para-mapear-formacao-academica-dos-guardas-civis-de-belo-horizonte\/","og_locale":"en_US","og_type":"article","og_title":"SINDGUARDAS-BH lan\u00e7a pesquisa para mapear forma\u00e7\u00e3o acad\u00eamica dos Guardas Civis de Belo Horizonte - Sindguardas BH","og_description":"Levantamento busca identificar cursos ainda n\u00e3o contemplados na Progress\u00e3o por Escolaridade e produzir dados t\u00e9cnicos para subsidiar propostas de amplia\u00e7\u00e3o [&hellip;]","og_url":"https:\/\/sindguardasbh.org.br\/index.php\/2026\/07\/29\/sindguardas-bh-lanca-pesquisa-para-mapear-formacao-academica-dos-guardas-civis-de-belo-horizonte\/","og_site_name":"Sindguardas BH","article_publisher":"https:\/\/www.instagram.com\/sindguardasbh","article_published_time":"2026-07-29T14:12:59+00:00","article_modified_time":"2026-07-29T14:17:42+00:00","og_image":[{"width":1080,"height":1350,"url":"https:\/\/sindguardasbh.org.br\/wp-content\/uploads\/2026\/07\/pesquisaFormacao.png","type":"image\/png"}],"author":"Comunica\u00e7\u00e3o Sindguardas BH","twitter_card":"summary_large_image","twitter_misc":{"Written by":"Comunica\u00e7\u00e3o Sindguardas BH","Est. reading time":"3 minutes"},"schema":{"@context":"https:\/\/schema.org","@graph":[{"@type":"Article","@id":"https:\/\/sindguardasbh.org.br\/index.php\/2026\/07\/29\/sindguardas-bh-lanca-pesquisa-para-mapear-formacao-academica-dos-guardas-civis-de-belo-horizonte\/#article","isPartOf":{"@id":"https:\/\/sindguardasbh.org.br\/index.php\/2026\/07\/29\/sindguardas-bh-lanca-pesquisa-para-mapear-formacao-academica-dos-guardas-civis-de-belo-horizonte\/"},"author":{"name":"Comunica\u00e7\u00e3o Sindguardas BH","@id":"https:\/\/sindguardasbh.org.br\/#\/schema\/person\/ec419c011d34ad67053c327faf731226"},"headline":"SINDGUARDAS-BH lan\u00e7a pesquisa para mapear forma\u00e7\u00e3o acad\u00eamica dos Guardas Civis de Belo Horizonte","datePublished":"2026-07-29T14:12:59+00:00","dateModified":"2026-07-29T14:17:42+00:00","mainEntityOfPage":{"@id":"https:\/\/sindguardasbh.org.br\/index.php\/2026\/07\/29\/sindguardas-bh-lanca-pesquisa-para-mapear-formacao-academica-dos-guardas-civis-de-belo-horizonte\/"},"wordCount":698,"commentCount":0,"publisher":{"@id":"https:\/\/sindguardasbh.org.br\/#organization"},"image":{"@id":"https:\/\/sindguardasbh.org.br\/index.php\/2026\/07\/29\/sindguardas-bh-lanca-pesquisa-para-mapear-formacao-academica-dos-guardas-civis-de-belo-horizonte\/#primaryimage"},"thumbnailUrl":"https:\/\/sindguardasbh.org.br\/wp-content\/uploads\/2026\/07\/pesquisaFormacao.png","articleSection":["Progress\u00e3o por Escolaridade GCMBH","Representatividade"],"inLanguage":"en-US","potentialAction":[{"@type":"CommentAction","name":"Comment","target":["https:\/\/sindguardasbh.org.br\/index.php\/2026\/07\/29\/sindguardas-bh-lanca-pesquisa-para-mapear-formacao-academica-dos-guardas-civis-de-belo-horizonte\/#respond"]}]},{"@type":"WebPage","@id":"https:\/\/sindguardasbh.org.br\/index.php\/2026\/07\/29\/sindguardas-bh-lanca-pesquisa-para-mapear-formacao-academica-dos-guardas-civis-de-belo-horizonte\/","url":"https:\/\/sindguardasbh.org.br\/index.php\/2026\/07\/29\/sindguardas-bh-lanca-pesquisa-para-mapear-formacao-academica-dos-guardas-civis-de-belo-horizonte\/","name":"SINDGUARDAS-BH lan\u00e7a pesquisa para mapear forma\u00e7\u00e3o acad\u00eamica dos Guardas Civis de Belo Horizonte - Sindguardas BH","isPartOf":{"@id":"https:\/\/sindguardasbh.org.br\/#website"},"primaryImageOfPage":{"@id":"https:\/\/sindguardasbh.org.br\/index.php\/2026\/07\/29\/sindguardas-bh-lanca-pesquisa-para-mapear-formacao-academica-dos-guardas-civis-de-belo-horizonte\/#primaryimage"},"image":{"@id":"https:\/\/sindguardasbh.org.br\/index.php\/2026\/07\/29\/sindguardas-bh-lanca-pesquisa-para-mapear-formacao-academica-dos-guardas-civis-de-belo-horizonte\/#primaryimage"},"thumbnailUrl":"https:\/\/sindguardasbh.org.br\/wp-content\/uploads\/2026\/07\/pesquisaFormacao.png","datePublished":"2026-07-29T14:12:59+00:00","dateModified":"2026-07-29T14:17:42+00:00","breadcrumb":{"@id":"https:\/\/sindguardasbh.org.br\/index.php\/2026\/07\/29\/sindguardas-bh-lanca-pesquisa-para-mapear-formacao-academica-dos-guardas-civis-de-belo-horizonte\/#breadcrumb"},"inLanguage":"en-US","potentialAction":[{"@type":"ReadAction","target":["https:\/\/sindguardasbh.org.br\/index.php\/2026\/07\/29\/sindguardas-bh-lanca-pesquisa-para-mapear-formacao-academica-dos-guardas-civis-de-belo-horizonte\/"]}]},{"@type":"ImageObject","inLanguage":"en-US","@id":"https:\/\/sindguardasbh.org.br\/index.php\/2026\/07\/29\/sindguardas-bh-lanca-pesquisa-para-mapear-formacao-academica-dos-guardas-civis-de-belo-horizonte\/#primaryimage","url":"https:\/\/sindguardasbh.org.br\/wp-content\/uploads\/2026\/07\/pesquisaFormacao.png","contentUrl":"https:\/\/sindguardasbh.org.br\/wp-content\/uploads\/2026\/07\/pesquisaFormacao.png","width":1080,"height":1350},{"@type":"BreadcrumbList","@id":"https:\/\/sindguardasbh.org.br\/index.php\/2026\/07\/29\/sindguardas-bh-lanca-pesquisa-para-mapear-formacao-academica-dos-guardas-civis-de-belo-horizonte\/#breadcrumb","itemListElement":[{"@type":"ListItem","position":1,"name":"Home","item":"http:\/\/sindguardasbh.org.br\/"},{"@type":"ListItem","position":2,"name":"SINDGUARDAS-BH lan\u00e7a pesquisa para mapear forma\u00e7\u00e3o acad\u00eamica dos Guardas Civis de Belo Horizonte"}]},{"@type":"WebSite","@id":"https:\/\/sindguardasbh.org.br\/#website","url":"https:\/\/sindguardasbh.org.br\/","name":"Sindguardas BH","description":"","publisher":{"@id":"https:\/\/sindguardasbh.org.br\/#organization"},"potentialAction":[{"@type":"SearchAction","target":{"@type":"EntryPoint","urlTemplate":"https:\/\/sindguardasbh.org.br\/?s={search_term_string}"},"query-input":{"@type":"PropertyValueSpecification","valueRequired":true,"valueName":"search_term_string"}}],"inLanguage":"en-US"},{"@type":"Organization","@id":"https:\/\/sindguardasbh.org.br\/#organization","name":"Sindguardas BH","url":"https:\/\/sindguardasbh.org.br\/","logo":{"@type":"ImageObject","inLanguage":"en-US","@id":"https:\/\/sindguardasbh.org.br\/#\/schema\/logo\/image\/","url":"https:\/\/sindguardasbh.org.br\/wp-content\/uploads\/2026\/01\/cropped-SINDGUARDAS-BH-1.png","contentUrl":"https:\/\/sindguardasbh.org.br\/wp-content\/uploads\/2026\/01\/cropped-SINDGUARDAS-BH-1.png","width":150,"height":50,"caption":"Sindguardas BH"},"image":{"@id":"https:\/\/sindguardasbh.org.br\/#\/schema\/logo\/image\/"},"sameAs":["https:\/\/www.instagram.com\/sindguardasbh"]},{"@type":"Person","@id":"https:\/\/sindguardasbh.org.br\/#\/schema\/person\/ec419c011d34ad67053c327faf731226","name":"Comunica\u00e7\u00e3o Sindguardas BH","image":{"@type":"ImageObject","inLanguage":"en-US","@id":"https:\/\/sindguardasbh.org.br\/#\/schema\/person\/image\/","url":"https:\/\/secure.gravatar.com\/avatar\/50cfe4c9d5670a4ef8e4a8f0aa2ce175e9018c618ce4117369618c9742e08609?s=96&d=mm&r=g","contentUrl":"https:\/\/secure.gravatar.com\/avatar\/50cfe4c9d5670a4ef8e4a8f0aa2ce175e9018c618ce4117369618c9742e08609?s=96&d=mm&r=g","caption":"Comunica\u00e7\u00e3o Sindguardas BH"},"sameAs":["http:\/\/sindguardasbh.org.br","https:\/\/www.instagram.com\/sindguardasbh\/","https:\/\/www.youtube.com\/@sindguardasBH"],"url":"https:\/\/sindguardasbh.org.br\/index.php\/author\/filiar-sindguardasbhgmail-com\/"}]}},"_links":{"self":[{"href":"https:\/\/sindguardasbh.org.br\/index.php\/wp-json\/wp\/v2\/posts\/327","targetHints":{"allow":["GET"]}}],"collection":[{"href":"https:\/\/sindguardasbh.org.br\/index.php\/wp-json\/wp\/v2\/posts"}],"about":[{"href":"https:\/\/sindguardasbh.org.br\/index.php\/wp-json\/wp\/v2\/types\/post"}],"author":[{"embeddable":true,"href":"https:\/\/sindguardasbh.org.br\/index.php\/wp-json\/wp\/v2\/users\/1"}],"replies":[{"embeddable":true,"href":"https:\/\/sindguardasbh.org.br\/index.php\/wp-json\/wp\/v2\/comments?post=327"}],"version-history":[{"count":2,"href":"https:\/\/sindguardasbh.org.br\/index.php\/wp-json\/wp\/v2\/posts\/327\/revisions"}],"predecessor-version":[{"id":331,"href":"https:\/\/sindguardasbh.org.br\/index.php\/wp-json\/wp\/v2\/posts\/327\/revisions\/331"}],"wp:featuredmedia":[{"embeddable":true,"href":"https:\/\/sindguardasbh.org.br\/index.php\/wp-json\/wp\/v2\/media\/328"}],"wp:attachment":[{"href":"https:\/\/sindguardasbh.org.br\/index.php\/wp-json\/wp\/v2\/media?parent=327"}],"wp:term":[{"taxonomy":"category","embeddable":true,"href":"https:\/\/sindguardasbh.org.br\/index.php\/wp-json\/wp\/v2\/categories?post=327"},{"taxonomy":"post_tag","embeddable":true,"href":"https:\/\/sindguardasbh.org.br\/index.php\/wp-json\/wp\/v2\/tags?post=327"}],"curies":[{"name":"wp","href":"https:\/\/api.w.org\/{rel}","templated":true}]}}